{"id":814,"date":"2024-10-29T16:47:40","date_gmt":"2024-10-29T16:47:40","guid":{"rendered":"https:\/\/www.quintadaspalmeiras.pt\/portal1\/?p=814"},"modified":"2024-10-29T16:47:40","modified_gmt":"2024-10-29T16:47:40","slug":"concurso-de-eloquencia-e-oratoria-voz-o-poder-da-palavra","status":"publish","type":"post","link":"https:\/\/www.quintadaspalmeiras.pt\/portal1\/2024\/10\/29\/concurso-de-eloquencia-e-oratoria-voz-o-poder-da-palavra\/","title":{"rendered":"Concurso de eloqu\u00eancia e Orat\u00f3ria &#8211; Voz: o poder da palavra"},"content":{"rendered":"<p>\u00c9 com grande orgulho que anunciamos o apuramento da aluna Lua Afonso (do 11\u00ba B) para as provas da semifinal deste concurso de \u00e2mbito nacional, a realizar no dia 9 de novembro, em Oeiras.<\/p>\n<p>At\u00e9 l\u00e1, a Lua ir\u00e1 participar em Workshops orientados por especialistas, nos dias 1, 2 e 3 de novembro., tamb\u00e9m em Oeiras.<\/p>\n<p>Depois da BRILHANTE prova que lhe permitiu ser admitida neste concurso, aberto a todos os jovens residentes em Portugal com idades entre os 15 e os 25 anos, acreditamos que a Lua ir\u00e1 dar que falar\u2026<\/p>\n<p>Parab\u00e9ns, Lua!<\/p>\n<p>Estamos TODOS a torcer por ti.<\/p>\n<p>Professoras Albertina Leit\u00e3o e Goreti Martins<\/p>\n","protected":false},"excerpt":{"rendered":"<p>\u00c9 com grande orgulho que anunciamos o apuramento da aluna Lua Afonso (do 11\u00ba B) para as provas da semifinal deste concurso de \u00e2mbito nacional, a realizar no dia 9 de novembro, em Oeiras. At\u00e9 l\u00e1, a Lua ir\u00e1 participar em Workshops orientados por especialistas, nos dias 1, 2 e 3 de novembro., tamb\u00e9m em &hellip; <a href=\"https:\/\/www.quintadaspalmeiras.pt\/portal1\/2024\/10\/29\/concurso-de-eloquencia-e-oratoria-voz-o-poder-da-palavra\/\" class=\"more-link\">Continue reading<span class=\"screen-reader-text\"> &#8220;Concurso de eloqu\u00eancia e Orat\u00f3ria &#8211; Voz: o poder da palavra&#8221;<\/span><\/a><\/p>\n","protected":false},"author":2,"featured_media":815,"comment_status":"closed","ping_status":"closed","sticky":false,"template":"","format":"standard","meta":{"_angie_page":false,"_crdt_document":"","page_builder":"","footnotes":""},"categories":[1],"tags":[],"class_list":["post-814","post","type-post","status-publish","format-standard","has-post-thumbnail","hentry","category-sem-categoria"],"_links":{"self":[{"href":"https:\/\/www.quintadaspalmeiras.pt\/portal1\/wp-json\/wp\/v2\/posts\/814","targetHints":{"allow":["GET"]}}],"collection":[{"href":"https:\/\/www.quintadaspalmeiras.pt\/portal1\/wp-json\/wp\/v2\/posts"}],"about":[{"href":"https:\/\/www.quintadaspalmeiras.pt\/portal1\/wp-json\/wp\/v2\/types\/post"}],"author":[{"embeddable":true,"href":"https:\/\/www.quintadaspalmeiras.pt\/portal1\/wp-json\/wp\/v2\/users\/2"}],"replies":[{"embeddable":true,"href":"https:\/\/www.quintadaspalmeiras.pt\/portal1\/wp-json\/wp\/v2\/comments?post=814"}],"version-history":[{"count":2,"href":"https:\/\/www.quintadaspalmeiras.pt\/portal1\/wp-json\/wp\/v2\/posts\/814\/revisions"}],"predecessor-version":[{"id":937,"href":"https:\/\/www.quintadaspalmeiras.pt\/portal1\/wp-json\/wp\/v2\/posts\/814\/revisions\/937"}],"wp:featuredmedia":[{"embeddable":true,"href":"https:\/\/www.quintadaspalmeiras.pt\/portal1\/wp-json\/wp\/v2\/media\/815"}],"wp:attachment":[{"href":"https:\/\/www.quintadaspalmeiras.pt\/portal1\/wp-json\/wp\/v2\/media?parent=814"}],"wp:term":[{"taxonomy":"category","embeddable":true,"href":"https:\/\/www.quintadaspalmeiras.pt\/portal1\/wp-json\/wp\/v2\/categories?post=814"},{"taxonomy":"post_tag","embeddable":true,"href":"https:\/\/www.quintadaspalmeiras.pt\/portal1\/wp-json\/wp\/v2\/tags?post=814"}],"curies":[{"name":"wp","href":"https:\/\/api.w.org\/{rel}","templated":true}]}}