{"id":748,"date":"2024-10-19T23:17:00","date_gmt":"2024-10-19T23:17:00","guid":{"rendered":"https:\/\/www.quintadaspalmeiras.pt\/portal1\/?p=748"},"modified":"2024-10-21T23:18:59","modified_gmt":"2024-10-21T23:18:59","slug":"equipa-qtv-palmeiras-entrevista-candidatas-a-associacao-de-estudantes","status":"publish","type":"post","link":"https:\/\/www.quintadaspalmeiras.pt\/portal1\/2024\/10\/19\/equipa-qtv-palmeiras-entrevista-candidatas-a-associacao-de-estudantes\/","title":{"rendered":"Equipa QTV Palmeiras entrevista candidatas \u00e0 Associa\u00e7\u00e3o de Estudantes"},"content":{"rendered":"<p>Na passada 5\u00aa feira, a equipa QTV Palmeiras realizou as entrevistas \u00e0s candidatas para a Associa\u00e7\u00e3o de Estudantes, da Escola Secund\u00e1ria Quinta das Palmeiras. Estas entrevistas tem os objetivos, por um lado, dar a conhecer duas as candidatas e tamb\u00e9m ajudar a esclarecer as propostas de interven\u00e7\u00e3o na Associa\u00e7\u00e3o de Estudantes, para este ano letivo.<\/p>\n<p><img decoding=\"async\" class=\"aligncenter wp-image-751 size-large lazyload\" data-src=\"https:\/\/www.quintadaspalmeiras.pt\/portal1\/wp-content\/uploads\/2024\/10\/IMG_3020-1024x576.png\" alt=\"\" width=\"1024\" height=\"576\" data-srcset=\"https:\/\/www.quintadaspalmeiras.pt\/portal1\/wp-content\/uploads\/2024\/10\/IMG_3020-1024x576.png 1024w, https:\/\/www.quintadaspalmeiras.pt\/portal1\/wp-content\/uploads\/2024\/10\/IMG_3020-300x169.png 300w, https:\/\/www.quintadaspalmeiras.pt\/portal1\/wp-content\/uploads\/2024\/10\/IMG_3020-768x432.png 768w, https:\/\/www.quintadaspalmeiras.pt\/portal1\/wp-content\/uploads\/2024\/10\/IMG_3020-1536x864.png 1536w, https:\/\/www.quintadaspalmeiras.pt\/portal1\/wp-content\/uploads\/2024\/10\/IMG_3020-2048x1152.png 2048w, https:\/\/www.quintadaspalmeiras.pt\/portal1\/wp-content\/uploads\/2024\/10\/IMG_3020-1200x675.png 1200w\" data-sizes=\"(max-width: 709px) 85vw, (max-width: 909px) 67vw, (max-width: 1362px) 62vw, 840px\" src=\"data:image\/svg+xml;base64,PHN2ZyB3aWR0aD0iMSIgaGVpZ2h0PSIxIiB4bWxucz0iaHR0cDovL3d3dy53My5vcmcvMjAwMC9zdmciPjwvc3ZnPg==\" style=\"--smush-placeholder-width: 1024px; --smush-placeholder-aspect-ratio: 1024\/576;\" \/><\/p>\n<p>&nbsp;<\/p>\n","protected":false},"excerpt":{"rendered":"<p>Na passada 5\u00aa feira, a equipa QTV Palmeiras realizou as entrevistas \u00e0s candidatas para a Associa\u00e7\u00e3o de Estudantes, da Escola Secund\u00e1ria Quinta das Palmeiras. Estas entrevistas tem os objetivos, por um lado, dar a conhecer duas as candidatas e tamb\u00e9m ajudar a esclarecer as propostas de interven\u00e7\u00e3o na Associa\u00e7\u00e3o de Estudantes, para este ano letivo. &hellip; <a href=\"https:\/\/www.quintadaspalmeiras.pt\/portal1\/2024\/10\/19\/equipa-qtv-palmeiras-entrevista-candidatas-a-associacao-de-estudantes\/\" class=\"more-link\">Continue reading<span class=\"screen-reader-text\"> &#8220;Equipa QTV Palmeiras entrevista candidatas \u00e0 Associa\u00e7\u00e3o de Estudantes&#8221;<\/span><\/a><\/p>\n","protected":false},"author":1,"featured_media":749,"comment_status":"closed","ping_status":"closed","sticky":false,"template":"","format":"standard","meta":{"_angie_page":false,"_crdt_document":"","page_builder":"","footnotes":""},"categories":[1],"tags":[],"class_list":["post-748","post","type-post","status-publish","format-standard","has-post-thumbnail","hentry","category-sem-categoria"],"_links":{"self":[{"href":"https:\/\/www.quintadaspalmeiras.pt\/portal1\/wp-json\/wp\/v2\/posts\/748","targetHints":{"allow":["GET"]}}],"collection":[{"href":"https:\/\/www.quintadaspalmeiras.pt\/portal1\/wp-json\/wp\/v2\/posts"}],"about":[{"href":"https:\/\/www.quintadaspalmeiras.pt\/portal1\/wp-json\/wp\/v2\/types\/post"}],"author":[{"embeddable":true,"href":"https:\/\/www.quintadaspalmeiras.pt\/portal1\/wp-json\/wp\/v2\/users\/1"}],"replies":[{"embeddable":true,"href":"https:\/\/www.quintadaspalmeiras.pt\/portal1\/wp-json\/wp\/v2\/comments?post=748"}],"version-history":[{"count":1,"href":"https:\/\/www.quintadaspalmeiras.pt\/portal1\/wp-json\/wp\/v2\/posts\/748\/revisions"}],"predecessor-version":[{"id":753,"href":"https:\/\/www.quintadaspalmeiras.pt\/portal1\/wp-json\/wp\/v2\/posts\/748\/revisions\/753"}],"wp:featuredmedia":[{"embeddable":true,"href":"https:\/\/www.quintadaspalmeiras.pt\/portal1\/wp-json\/wp\/v2\/media\/749"}],"wp:attachment":[{"href":"https:\/\/www.quintadaspalmeiras.pt\/portal1\/wp-json\/wp\/v2\/media?parent=748"}],"wp:term":[{"taxonomy":"category","embeddable":true,"href":"https:\/\/www.quintadaspalmeiras.pt\/portal1\/wp-json\/wp\/v2\/categories?post=748"},{"taxonomy":"post_tag","embeddable":true,"href":"https:\/\/www.quintadaspalmeiras.pt\/portal1\/wp-json\/wp\/v2\/tags?post=748"}],"curies":[{"name":"wp","href":"https:\/\/api.w.org\/{rel}","templated":true}]}}