{"id":732,"date":"2024-10-18T10:59:56","date_gmt":"2024-10-18T10:59:56","guid":{"rendered":"https:\/\/www.quintadaspalmeiras.pt\/portal1\/?p=732"},"modified":"2024-10-18T11:00:52","modified_gmt":"2024-10-18T11:00:52","slug":"todos-os-passos-contam","status":"publish","type":"post","link":"https:\/\/www.quintadaspalmeiras.pt\/portal1\/2024\/10\/18\/todos-os-passos-contam\/","title":{"rendered":"Todos os passos contam"},"content":{"rendered":"<div>Todos os passos contam \u00e9 uma\u00a0atividade promovida numa articula\u00e7\u00e3o entre Ed. F\u00edsica e Cidadania e\u00a0Desenvolvimento, a partir de um desafio lan\u00e7ado pela GALP.<br \/>\n<u>A atividade tem duas finalidades<\/u>:<br \/>\n1- promover a atividade f\u00edsica e os estilos de vida saud\u00e1vel;<br \/>\n2- Desenvolver a solidariedade e cidadania dos nossos alunos.<br \/>\n<u>Objetivo pr\u00e1tico<\/u>: cada aluno regista no rel\u00f3gio\u00a0ou app os km percorridos sendo que\u00a0 cada km equivale a uma refei\u00e7\u00e3o solid\u00e1ria, se registada no link da Galp &#8220;Todos os passos contam&#8221;.<br \/>\n<i><u>Log\u00edstica:<\/u><\/i><br \/>\n1- Cada aluno regista no site com o apoio das professoras de cidadania;<br \/>\n2- O professor de EF divulga na turma e regista os km de cada turma para apurar a turma mais participativa e posteriormente o total de km\/refei\u00e7\u00f5es da nossa escola.<br \/>\n3- As turmas mais participativas t\u00eam pr\u00e9mio;<br \/>\n4- Slogan: &#8220;DEIXA O TELEM\u00d3VEL\u00a0NO BOLSO E CAMINHA POR UMA CAUSA&#8221;<\/div>\n<div>A din\u00e2mica decorre entre os dias 8 de outubro e 8 de dezembro.<\/div>\n<div><\/div>\n<div>\n<p>Quantos mais km percorreres, mais refei\u00e7\u00f5es solid\u00e1rias ofereces e beneficias a tua sa\u00fade f\u00edsica e mental!<\/p>\n<p>Regista-te no link<br \/>\n<a href=\"https:\/\/www.galp.com\/corp\/pt\/sobre-nos\/a-galp\/impacto-social\/apoio-a-projetos-locais-projetos\/todos-os-passos-contam\/edicao-5-2024\" target=\"_blank\" rel=\"noopener\" data-saferedirecturl=\"https:\/\/www.google.com\/url?q=https:\/\/www.galp.com\/corp\/pt\/sobre-nos\/a-galp\/impacto-social\/apoio-a-projetos-locais-projetos\/todos-os-passos-contam\/edicao-5-2024&amp;source=gmail&amp;ust=1729335266039000&amp;usg=AOvVaw0VXjdMBGyu45ggXJ9ci_Rl\">https:\/\/www.galp.com\/corp\/pt\/<wbr \/>sobre-nos\/a-galp\/impacto-<wbr \/>social\/apoio-a-projetos-<wbr \/>locais-projetos\/todos-os-<wbr \/>passos-contam\/edicao-5-2024<\/a><\/p>\n<\/div>\n<div><\/div>\n<div style=\"text-align: center;\"><img decoding=\"async\" class=\"alignnone  wp-image-734 lazyload\" data-src=\"https:\/\/www.quintadaspalmeiras.pt\/portal1\/wp-content\/uploads\/2024\/10\/850-211x300.jpg\" alt=\"\" width=\"505\" height=\"718\" data-srcset=\"https:\/\/www.quintadaspalmeiras.pt\/portal1\/wp-content\/uploads\/2024\/10\/850-211x300.jpg 211w, https:\/\/www.quintadaspalmeiras.pt\/portal1\/wp-content\/uploads\/2024\/10\/850-721x1024.jpg 721w, https:\/\/www.quintadaspalmeiras.pt\/portal1\/wp-content\/uploads\/2024\/10\/850-768x1091.jpg 768w, https:\/\/www.quintadaspalmeiras.pt\/portal1\/wp-content\/uploads\/2024\/10\/850.jpg 850w\" data-sizes=\"(max-width: 505px) 85vw, 505px\" src=\"data:image\/svg+xml;base64,PHN2ZyB3aWR0aD0iMSIgaGVpZ2h0PSIxIiB4bWxucz0iaHR0cDovL3d3dy53My5vcmcvMjAwMC9zdmciPjwvc3ZnPg==\" style=\"--smush-placeholder-width: 505px; --smush-placeholder-aspect-ratio: 505\/718;\" \/><\/div>\n","protected":false},"excerpt":{"rendered":"<p>Todos os passos contam \u00e9 uma\u00a0atividade promovida numa articula\u00e7\u00e3o entre Ed. F\u00edsica e Cidadania e\u00a0Desenvolvimento, a partir de um desafio lan\u00e7ado pela GALP. A atividade tem duas finalidades: 1- promover a atividade f\u00edsica e os estilos de vida saud\u00e1vel; 2- Desenvolver a solidariedade e cidadania dos nossos alunos. Objetivo pr\u00e1tico: cada aluno regista no rel\u00f3gio\u00a0ou &hellip; <a href=\"https:\/\/www.quintadaspalmeiras.pt\/portal1\/2024\/10\/18\/todos-os-passos-contam\/\" class=\"more-link\">Continue reading<span class=\"screen-reader-text\"> &#8220;Todos os passos contam&#8221;<\/span><\/a><\/p>\n","protected":false},"author":2,"featured_media":733,"comment_status":"closed","ping_status":"closed","sticky":false,"template":"","format":"standard","meta":{"_angie_page":false,"_crdt_document":"","page_builder":"","footnotes":""},"categories":[1],"tags":[],"class_list":["post-732","post","type-post","status-publish","format-standard","has-post-thumbnail","hentry","category-sem-categoria"],"_links":{"self":[{"href":"https:\/\/www.quintadaspalmeiras.pt\/portal1\/wp-json\/wp\/v2\/posts\/732","targetHints":{"allow":["GET"]}}],"collection":[{"href":"https:\/\/www.quintadaspalmeiras.pt\/portal1\/wp-json\/wp\/v2\/posts"}],"about":[{"href":"https:\/\/www.quintadaspalmeiras.pt\/portal1\/wp-json\/wp\/v2\/types\/post"}],"author":[{"embeddable":true,"href":"https:\/\/www.quintadaspalmeiras.pt\/portal1\/wp-json\/wp\/v2\/users\/2"}],"replies":[{"embeddable":true,"href":"https:\/\/www.quintadaspalmeiras.pt\/portal1\/wp-json\/wp\/v2\/comments?post=732"}],"version-history":[{"count":2,"href":"https:\/\/www.quintadaspalmeiras.pt\/portal1\/wp-json\/wp\/v2\/posts\/732\/revisions"}],"predecessor-version":[{"id":736,"href":"https:\/\/www.quintadaspalmeiras.pt\/portal1\/wp-json\/wp\/v2\/posts\/732\/revisions\/736"}],"wp:featuredmedia":[{"embeddable":true,"href":"https:\/\/www.quintadaspalmeiras.pt\/portal1\/wp-json\/wp\/v2\/media\/733"}],"wp:attachment":[{"href":"https:\/\/www.quintadaspalmeiras.pt\/portal1\/wp-json\/wp\/v2\/media?parent=732"}],"wp:term":[{"taxonomy":"category","embeddable":true,"href":"https:\/\/www.quintadaspalmeiras.pt\/portal1\/wp-json\/wp\/v2\/categories?post=732"},{"taxonomy":"post_tag","embeddable":true,"href":"https:\/\/www.quintadaspalmeiras.pt\/portal1\/wp-json\/wp\/v2\/tags?post=732"}],"curies":[{"name":"wp","href":"https:\/\/api.w.org\/{rel}","templated":true}]}}