{"id":725,"date":"2024-10-16T10:22:55","date_gmt":"2024-10-16T10:22:55","guid":{"rendered":"https:\/\/www.quintadaspalmeiras.pt\/portal1\/?p=725"},"modified":"2024-10-16T10:22:55","modified_gmt":"2024-10-16T10:22:55","slug":"dia-mundial-da-alimentacao","status":"publish","type":"post","link":"https:\/\/www.quintadaspalmeiras.pt\/portal1\/2024\/10\/16\/dia-mundial-da-alimentacao\/","title":{"rendered":"Dia Mundial da Alimenta\u00e7\u00e3o"},"content":{"rendered":"<p>Comemora\u00e7\u00e3o do Dia Mundial da Alimenta\u00e7\u00e3o &#8211; 16 de outubro de 2024.<\/p>\n<p style=\"text-align: center;\"><img decoding=\"async\" class=\"alignnone  wp-image-726 lazyload\" data-src=\"https:\/\/www.quintadaspalmeiras.pt\/portal1\/wp-content\/uploads\/2024\/10\/Dia-Mundial-da-Alimentacao-16-10-2024-225x300.png\" alt=\"\" width=\"491\" height=\"654\" data-srcset=\"https:\/\/www.quintadaspalmeiras.pt\/portal1\/wp-content\/uploads\/2024\/10\/Dia-Mundial-da-Alimentacao-16-10-2024-225x300.png 225w, https:\/\/www.quintadaspalmeiras.pt\/portal1\/wp-content\/uploads\/2024\/10\/Dia-Mundial-da-Alimentacao-16-10-2024.png 691w\" data-sizes=\"(max-width: 491px) 85vw, 491px\" src=\"data:image\/svg+xml;base64,PHN2ZyB3aWR0aD0iMSIgaGVpZ2h0PSIxIiB4bWxucz0iaHR0cDovL3d3dy53My5vcmcvMjAwMC9zdmciPjwvc3ZnPg==\" style=\"--smush-placeholder-width: 491px; --smush-placeholder-aspect-ratio: 491\/654;\" \/><\/p>\n","protected":false},"excerpt":{"rendered":"<p>Comemora\u00e7\u00e3o do Dia Mundial da Alimenta\u00e7\u00e3o &#8211; 16 de outubro de 2024.<\/p>\n","protected":false},"author":2,"featured_media":727,"comment_status":"closed","ping_status":"closed","sticky":false,"template":"","format":"standard","meta":{"_angie_page":false,"_crdt_document":"","page_builder":"","footnotes":""},"categories":[1],"tags":[],"class_list":["post-725","post","type-post","status-publish","format-standard","has-post-thumbnail","hentry","category-sem-categoria"],"_links":{"self":[{"href":"https:\/\/www.quintadaspalmeiras.pt\/portal1\/wp-json\/wp\/v2\/posts\/725","targetHints":{"allow":["GET"]}}],"collection":[{"href":"https:\/\/www.quintadaspalmeiras.pt\/portal1\/wp-json\/wp\/v2\/posts"}],"about":[{"href":"https:\/\/www.quintadaspalmeiras.pt\/portal1\/wp-json\/wp\/v2\/types\/post"}],"author":[{"embeddable":true,"href":"https:\/\/www.quintadaspalmeiras.pt\/portal1\/wp-json\/wp\/v2\/users\/2"}],"replies":[{"embeddable":true,"href":"https:\/\/www.quintadaspalmeiras.pt\/portal1\/wp-json\/wp\/v2\/comments?post=725"}],"version-history":[{"count":1,"href":"https:\/\/www.quintadaspalmeiras.pt\/portal1\/wp-json\/wp\/v2\/posts\/725\/revisions"}],"predecessor-version":[{"id":728,"href":"https:\/\/www.quintadaspalmeiras.pt\/portal1\/wp-json\/wp\/v2\/posts\/725\/revisions\/728"}],"wp:featuredmedia":[{"embeddable":true,"href":"https:\/\/www.quintadaspalmeiras.pt\/portal1\/wp-json\/wp\/v2\/media\/727"}],"wp:attachment":[{"href":"https:\/\/www.quintadaspalmeiras.pt\/portal1\/wp-json\/wp\/v2\/media?parent=725"}],"wp:term":[{"taxonomy":"category","embeddable":true,"href":"https:\/\/www.quintadaspalmeiras.pt\/portal1\/wp-json\/wp\/v2\/categories?post=725"},{"taxonomy":"post_tag","embeddable":true,"href":"https:\/\/www.quintadaspalmeiras.pt\/portal1\/wp-json\/wp\/v2\/tags?post=725"}],"curies":[{"name":"wp","href":"https:\/\/api.w.org\/{rel}","templated":true}]}}