{"id":688,"date":"2024-10-03T18:52:22","date_gmt":"2024-10-03T18:52:22","guid":{"rendered":"https:\/\/www.quintadaspalmeiras.pt\/portal1\/?p=688"},"modified":"2024-10-03T18:54:30","modified_gmt":"2024-10-03T18:54:30","slug":"formacao-para-professsores-no-ambito-do-manuais-digitais","status":"publish","type":"post","link":"https:\/\/www.quintadaspalmeiras.pt\/portal1\/2024\/10\/03\/formacao-para-professsores-no-ambito-do-manuais-digitais\/","title":{"rendered":"Forma\u00e7\u00e3o para professores no \u00e2mbito do Manuais Digitais"},"content":{"rendered":"<p>Hoje, dia 03 de outubro, foi promovida, por parte da Editora Leya, uma a\u00e7\u00e3o formativa para professores no \u00e2mbito do Projeto Piloto dos Manuais Digitais. Esta a\u00e7\u00e3o possibilitou aos professores presentes a explora\u00e7\u00e3o das potencialidades dos manuais em formato digital, com o objetivo de promoverem atividades pedag\u00f3gicas com os seus alunos.<\/p>\n<p><img decoding=\"async\" class=\"aligncenter wp-image-691 size-large lazyload\" data-src=\"https:\/\/www.quintadaspalmeiras.pt\/portal1\/wp-content\/uploads\/2024\/10\/IMG_2924-1024x652.png\" alt=\"\" width=\"1024\" height=\"652\" data-srcset=\"https:\/\/www.quintadaspalmeiras.pt\/portal1\/wp-content\/uploads\/2024\/10\/IMG_2924-1024x652.png 1024w, https:\/\/www.quintadaspalmeiras.pt\/portal1\/wp-content\/uploads\/2024\/10\/IMG_2924-300x191.png 300w, https:\/\/www.quintadaspalmeiras.pt\/portal1\/wp-content\/uploads\/2024\/10\/IMG_2924-768x489.png 768w, https:\/\/www.quintadaspalmeiras.pt\/portal1\/wp-content\/uploads\/2024\/10\/IMG_2924-1536x978.png 1536w, https:\/\/www.quintadaspalmeiras.pt\/portal1\/wp-content\/uploads\/2024\/10\/IMG_2924-2048x1304.png 2048w, https:\/\/www.quintadaspalmeiras.pt\/portal1\/wp-content\/uploads\/2024\/10\/IMG_2924-1200x764.png 1200w\" data-sizes=\"(max-width: 709px) 85vw, (max-width: 909px) 67vw, (max-width: 1362px) 62vw, 840px\" src=\"data:image\/svg+xml;base64,PHN2ZyB3aWR0aD0iMSIgaGVpZ2h0PSIxIiB4bWxucz0iaHR0cDovL3d3dy53My5vcmcvMjAwMC9zdmciPjwvc3ZnPg==\" style=\"--smush-placeholder-width: 1024px; --smush-placeholder-aspect-ratio: 1024\/652;\" \/><\/p>\n","protected":false},"excerpt":{"rendered":"<p>Hoje, dia 03 de outubro, foi promovida, por parte da Editora Leya, uma a\u00e7\u00e3o formativa para professores no \u00e2mbito do Projeto Piloto dos Manuais Digitais. Esta a\u00e7\u00e3o possibilitou aos professores presentes a explora\u00e7\u00e3o das potencialidades dos manuais em formato digital, com o objetivo de promoverem atividades pedag\u00f3gicas com os seus alunos.<\/p>\n","protected":false},"author":1,"featured_media":689,"comment_status":"closed","ping_status":"closed","sticky":false,"template":"","format":"standard","meta":{"_angie_page":false,"_crdt_document":"","page_builder":"","footnotes":""},"categories":[1],"tags":[],"class_list":["post-688","post","type-post","status-publish","format-standard","has-post-thumbnail","hentry","category-sem-categoria"],"_links":{"self":[{"href":"https:\/\/www.quintadaspalmeiras.pt\/portal1\/wp-json\/wp\/v2\/posts\/688","targetHints":{"allow":["GET"]}}],"collection":[{"href":"https:\/\/www.quintadaspalmeiras.pt\/portal1\/wp-json\/wp\/v2\/posts"}],"about":[{"href":"https:\/\/www.quintadaspalmeiras.pt\/portal1\/wp-json\/wp\/v2\/types\/post"}],"author":[{"embeddable":true,"href":"https:\/\/www.quintadaspalmeiras.pt\/portal1\/wp-json\/wp\/v2\/users\/1"}],"replies":[{"embeddable":true,"href":"https:\/\/www.quintadaspalmeiras.pt\/portal1\/wp-json\/wp\/v2\/comments?post=688"}],"version-history":[{"count":2,"href":"https:\/\/www.quintadaspalmeiras.pt\/portal1\/wp-json\/wp\/v2\/posts\/688\/revisions"}],"predecessor-version":[{"id":694,"href":"https:\/\/www.quintadaspalmeiras.pt\/portal1\/wp-json\/wp\/v2\/posts\/688\/revisions\/694"}],"wp:featuredmedia":[{"embeddable":true,"href":"https:\/\/www.quintadaspalmeiras.pt\/portal1\/wp-json\/wp\/v2\/media\/689"}],"wp:attachment":[{"href":"https:\/\/www.quintadaspalmeiras.pt\/portal1\/wp-json\/wp\/v2\/media?parent=688"}],"wp:term":[{"taxonomy":"category","embeddable":true,"href":"https:\/\/www.quintadaspalmeiras.pt\/portal1\/wp-json\/wp\/v2\/categories?post=688"},{"taxonomy":"post_tag","embeddable":true,"href":"https:\/\/www.quintadaspalmeiras.pt\/portal1\/wp-json\/wp\/v2\/tags?post=688"}],"curies":[{"name":"wp","href":"https:\/\/api.w.org\/{rel}","templated":true}]}}