{"id":68,"date":"2024-05-28T21:18:39","date_gmt":"2024-05-28T21:18:39","guid":{"rendered":"https:\/\/www.quintadaspalmeiras.pt\/portal1\/?p=68"},"modified":"2024-09-05T15:19:17","modified_gmt":"2024-09-05T15:19:17","slug":"visita-a-sevilha","status":"publish","type":"post","link":"https:\/\/www.quintadaspalmeiras.pt\/portal1\/2024\/05\/28\/visita-a-sevilha\/","title":{"rendered":"Visita a Sevilha"},"content":{"rendered":"\n<p class=\"wp-block-paragraph\">El 8 de mayo a las 5.30 de la ma\u00f1ana, los alumnos de 10\u00ba y 11\u00ba curso estaban listos para iniciar una gran aventura hacia la capital de Andaluc\u00eda. Pasamos por algunas ciudades como Elvas y Badajoz. En Sevilla, empezamos por visitar los principales puntos de inter\u00e9s como el fascinante Parque Maria Lu\u00edsa. Despu\u00e9s de la comida, pudimos apreciar el Barrio de Sta. Cruz, un barrio repleto de encanto, color caracter\u00edstico por sus estrechas calles.&nbsp; Enseguida nos dirigimos a la mayor Catedral de Espa\u00f1a y su torre Sineira- la Giralda,&nbsp; la iglesia g\u00f3tica m\u00e1s grande del mundo.&nbsp; Enseguida visitamos el Metropol Parasol o setas de Sevilla. All\u00ed tuvimos tiempo de comprar algunos recuerdos en las varias calles comerciales. Terminamos nuestro recorrido en un restaurante local donde pudimos saborear la gastronom\u00eda espa\u00f1ola. En el segundo d\u00eda visitamos el exterior de la Torre del Oro, contemplamos el r\u00edo Guadalquivir y seguimos en direcci\u00f3n al destino m\u00e1s esperado por todos: la Isla M\u00e1gica. Un d\u00eda lleno de aventuras, diversiones y adrenalina. El tercer y \u00faltimo d\u00eda visitamos el Archivo General de Indias y terminamos en el Real Alc\u00e1zar, uno de los Palacios m\u00e1s antiguos del mundo.<\/p>\n\n\n\n<p class=\"wp-block-paragraph\">Las profesoras de espa\u00f1ol, Liliana Correia y Vanessa Pinto, agradecen a sus compa\u00f1eros de trabajo, Jo\u00e3o Pereira, Rosa Marques y Francisco Carrola, toda la colaboraci\u00f3n en este viaje.&nbsp; A los alumnos decirles que fue un honor proporcionales este viaje. Sin&nbsp; ellos esto no ser\u00eda posible. \u00a1Han estado incre\u00edbles!&nbsp; Tambi\u00e9n agradecen a los tutores de los alumnos participantes, porque les permitieron disfrutar de una experiencia diferente y enriquecedora.&nbsp; Agradecemos todo el apoyo de la agencia Pinto Lopes VIagens S.A, de su gu\u00eda, Daniel Cancela y de los motoristas, que nos proporcionaron un viaje seguro, tranquilo y divertido. \u00a1Fueron tres d\u00edas de experiencias inolvidables!<\/p>\n\n\n\n<p class=\"wp-block-paragraph\">Las profes responsables,\u00a0<em>Liliana Correia y Vanessa Pinto<\/em><\/p>\n\n\n\n<figure class=\"wp-block-image size-large\"><img decoding=\"async\" width=\"1024\" height=\"576\" data-src=\"https:\/\/www.quintadaspalmeiras.pt\/portal1\/wp-content\/uploads\/2024\/05\/sev2-1024x576.jpg\" alt=\"\" class=\"wp-image-70 lazyload\" data-srcset=\"https:\/\/www.quintadaspalmeiras.pt\/portal1\/wp-content\/uploads\/2024\/05\/sev2-1024x576.jpg 1024w, https:\/\/www.quintadaspalmeiras.pt\/portal1\/wp-content\/uploads\/2024\/05\/sev2-300x169.jpg 300w, https:\/\/www.quintadaspalmeiras.pt\/portal1\/wp-content\/uploads\/2024\/05\/sev2-768x432.jpg 768w, https:\/\/www.quintadaspalmeiras.pt\/portal1\/wp-content\/uploads\/2024\/05\/sev2-1536x864.jpg 1536w, https:\/\/www.quintadaspalmeiras.pt\/portal1\/wp-content\/uploads\/2024\/05\/sev2-1200x675.jpg 1200w, https:\/\/www.quintadaspalmeiras.pt\/portal1\/wp-content\/uploads\/2024\/05\/sev2.jpg 1600w\" data-sizes=\"(max-width: 709px) 85vw, (max-width: 909px) 67vw, (max-width: 1362px) 62vw, 840px\" src=\"data:image\/svg+xml;base64,PHN2ZyB3aWR0aD0iMSIgaGVpZ2h0PSIxIiB4bWxucz0iaHR0cDovL3d3dy53My5vcmcvMjAwMC9zdmciPjwvc3ZnPg==\" style=\"--smush-placeholder-width: 1024px; --smush-placeholder-aspect-ratio: 1024\/576;\" \/><\/figure>\n","protected":false},"excerpt":{"rendered":"<p>El 8 de mayo a las 5.30 de la ma\u00f1ana, los alumnos de 10\u00ba y 11\u00ba curso estaban listos para iniciar una gran aventura hacia la capital de Andaluc\u00eda. Pasamos por algunas ciudades como Elvas y Badajoz. En Sevilla, empezamos por visitar los principales puntos de inter\u00e9s como el fascinante Parque Maria Lu\u00edsa. Despu\u00e9s de &hellip; <a href=\"https:\/\/www.quintadaspalmeiras.pt\/portal1\/2024\/05\/28\/visita-a-sevilha\/\" class=\"more-link\">Continue reading<span class=\"screen-reader-text\"> &#8220;Visita a Sevilha&#8221;<\/span><\/a><\/p>\n","protected":false},"author":1,"featured_media":69,"comment_status":"open","ping_status":"open","sticky":false,"template":"","format":"standard","meta":{"_angie_page":false,"_crdt_document":"","page_builder":"","footnotes":""},"categories":[1],"tags":[5],"class_list":["post-68","post","type-post","status-publish","format-standard","has-post-thumbnail","hentry","category-sem-categoria","tag-visita-de-estudo"],"_links":{"self":[{"href":"https:\/\/www.quintadaspalmeiras.pt\/portal1\/wp-json\/wp\/v2\/posts\/68","targetHints":{"allow":["GET"]}}],"collection":[{"href":"https:\/\/www.quintadaspalmeiras.pt\/portal1\/wp-json\/wp\/v2\/posts"}],"about":[{"href":"https:\/\/www.quintadaspalmeiras.pt\/portal1\/wp-json\/wp\/v2\/types\/post"}],"author":[{"embeddable":true,"href":"https:\/\/www.quintadaspalmeiras.pt\/portal1\/wp-json\/wp\/v2\/users\/1"}],"replies":[{"embeddable":true,"href":"https:\/\/www.quintadaspalmeiras.pt\/portal1\/wp-json\/wp\/v2\/comments?post=68"}],"version-history":[{"count":1,"href":"https:\/\/www.quintadaspalmeiras.pt\/portal1\/wp-json\/wp\/v2\/posts\/68\/revisions"}],"predecessor-version":[{"id":71,"href":"https:\/\/www.quintadaspalmeiras.pt\/portal1\/wp-json\/wp\/v2\/posts\/68\/revisions\/71"}],"wp:featuredmedia":[{"embeddable":true,"href":"https:\/\/www.quintadaspalmeiras.pt\/portal1\/wp-json\/wp\/v2\/media\/69"}],"wp:attachment":[{"href":"https:\/\/www.quintadaspalmeiras.pt\/portal1\/wp-json\/wp\/v2\/media?parent=68"}],"wp:term":[{"taxonomy":"category","embeddable":true,"href":"https:\/\/www.quintadaspalmeiras.pt\/portal1\/wp-json\/wp\/v2\/categories?post=68"},{"taxonomy":"post_tag","embeddable":true,"href":"https:\/\/www.quintadaspalmeiras.pt\/portal1\/wp-json\/wp\/v2\/tags?post=68"}],"curies":[{"name":"wp","href":"https:\/\/api.w.org\/{rel}","templated":true}]}}