{"id":672,"date":"2024-10-01T10:57:45","date_gmt":"2024-10-01T10:57:45","guid":{"rendered":"https:\/\/www.quintadaspalmeiras.pt\/portal1\/?p=672"},"modified":"2024-10-01T10:57:45","modified_gmt":"2024-10-01T10:57:45","slug":"aluna-da-esqp-astronauta-por-um-dia-agencia-espacial-portuguesa","status":"publish","type":"post","link":"https:\/\/www.quintadaspalmeiras.pt\/portal1\/2024\/10\/01\/aluna-da-esqp-astronauta-por-um-dia-agencia-espacial-portuguesa\/","title":{"rendered":"Aluna da ESQP, Astronauta por um dia &#8211; Ag\u00eancia Espacial Portuguesa"},"content":{"rendered":"<p>Foi no dia 29 de setembro de 2024, que os nossos &#8220;Astronautas por um dia&#8221; viveram a maior experi\u00eancia das suas vidas.<\/p>\n<p>Os 30 astronautas, acompanhados de alguns convidados, jornalistas e a fant\u00e1stica tripula\u00e7\u00e3o do Zero-G, realizaram um voo perfeito, onde experimentaram a microgravidade, assim como a gravidade da Lua ou de Marte.<\/p>\n<p>Na aterragem, os astronautas foram recebidos com o formalismo que a ocasi\u00e3o exigia, pelas v\u00e1rias entidades presentes, assim como pelos familiares e amigos, a\u00ed sim j\u00e1 num clima de emo\u00e7\u00e3o e enorme alegria.<\/p>\n<p>A Cerim\u00f3nia de Gradua\u00e7\u00e3o dos participantes, realizada durante um almo\u00e7o conv\u00edvio, contou com a presen\u00e7a da Secret\u00e1ria de Estado da Defesa, Ana Isabel Xavier, do Presidente da Ag\u00eancia Espacial Portuguesa, Ricardo Conde, e de altos representantes das For\u00e7as Armadas.<\/p>\n<p>Na edi\u00e7\u00e3o deste ano foram 631 os candidatos de todo o pa\u00eds, que, ap\u00f3s v\u00e1rios meses e provas de sele\u00e7\u00e3o bastante exigentes, ficaram reduzidos aos 30 finalistas, agora astronautas.<\/p>\n<p>Pela primeira vez tivemos uma representante do distrito de Castelo Branco (<strong>Lua Raquel Martins Afonso &#8211; Escola Secund\u00e1ria Quinta das Palmeiras &#8211; Covilh\u00e3<\/strong>), que durante os pr\u00f3ximos anos ser\u00e1 Embaixadora do projeto, divulgando-o junto das escolas de todo o interior, com o objetivo de aumentar o n\u00famero de participantes e o gosto dos jovens pelo espa\u00e7o.<\/p>\n<p>O Astronauta por um dia \u00e9 uma iniciativa da Ag\u00eancia Espacial Portuguesa, organizada em coopera\u00e7\u00e3o com a For\u00e7a A\u00e9rea Portuguesa, a Ci\u00eancia Viva, FPCEUP, FMH e a Miss\u00e3o Continente.<\/p>\n<p>Mais informa\u00e7\u00f5es em:\u00a0<a href=\"https:\/\/www.astronautaporumdia.pt\/\" target=\"_blank\" rel=\"noopener\" data-saferedirecturl=\"https:\/\/www.google.com\/url?q=https:\/\/www.astronautaporumdia.pt\/&amp;source=gmail&amp;ust=1727863521443000&amp;usg=AOvVaw0zXElE_I3yiXvqiUMaKcC3\">https:\/\/www.<wbr \/>astronautaporumdia.pt\/<\/a><\/p>\n<p style=\"text-align: center;\"><img decoding=\"async\" class=\"alignnone wp-image-673 lazyload\" style=\"--smush-placeholder-width: 412px; --smush-placeholder-aspect-ratio: 412\/550;text-align: start;\" data-src=\"https:\/\/www.quintadaspalmeiras.pt\/portal1\/wp-content\/uploads\/2024\/10\/Astronauta-004-1-225x300.jpeg\" alt=\"\" width=\"412\" height=\"550\" data-srcset=\"https:\/\/www.quintadaspalmeiras.pt\/portal1\/wp-content\/uploads\/2024\/10\/Astronauta-004-1-225x300.jpeg 225w, https:\/\/www.quintadaspalmeiras.pt\/portal1\/wp-content\/uploads\/2024\/10\/Astronauta-004-1-768x1024.jpeg 768w, https:\/\/www.quintadaspalmeiras.pt\/portal1\/wp-content\/uploads\/2024\/10\/Astronauta-004-1.jpeg 1123w\" data-sizes=\"(max-width: 412px) 85vw, 412px\" src=\"data:image\/svg+xml;base64,PHN2ZyB3aWR0aD0iMSIgaGVpZ2h0PSIxIiB4bWxucz0iaHR0cDovL3d3dy53My5vcmcvMjAwMC9zdmciPjwvc3ZnPg==\" \/><\/p>\n","protected":false},"excerpt":{"rendered":"<p>Foi no dia 29 de setembro de 2024, que os nossos &#8220;Astronautas por um dia&#8221; viveram a maior experi\u00eancia das suas vidas. Os 30 astronautas, acompanhados de alguns convidados, jornalistas e a fant\u00e1stica tripula\u00e7\u00e3o do Zero-G, realizaram um voo perfeito, onde experimentaram a microgravidade, assim como a gravidade da Lua ou de Marte. Na aterragem, &hellip; <a href=\"https:\/\/www.quintadaspalmeiras.pt\/portal1\/2024\/10\/01\/aluna-da-esqp-astronauta-por-um-dia-agencia-espacial-portuguesa\/\" class=\"more-link\">Continue reading<span class=\"screen-reader-text\"> &#8220;Aluna da ESQP, Astronauta por um dia &#8211; Ag\u00eancia Espacial Portuguesa&#8221;<\/span><\/a><\/p>\n","protected":false},"author":2,"featured_media":680,"comment_status":"closed","ping_status":"closed","sticky":false,"template":"","format":"standard","meta":{"_angie_page":false,"_crdt_document":"","page_builder":"","footnotes":""},"categories":[1],"tags":[],"class_list":["post-672","post","type-post","status-publish","format-standard","has-post-thumbnail","hentry","category-sem-categoria"],"_links":{"self":[{"href":"https:\/\/www.quintadaspalmeiras.pt\/portal1\/wp-json\/wp\/v2\/posts\/672","targetHints":{"allow":["GET"]}}],"collection":[{"href":"https:\/\/www.quintadaspalmeiras.pt\/portal1\/wp-json\/wp\/v2\/posts"}],"about":[{"href":"https:\/\/www.quintadaspalmeiras.pt\/portal1\/wp-json\/wp\/v2\/types\/post"}],"author":[{"embeddable":true,"href":"https:\/\/www.quintadaspalmeiras.pt\/portal1\/wp-json\/wp\/v2\/users\/2"}],"replies":[{"embeddable":true,"href":"https:\/\/www.quintadaspalmeiras.pt\/portal1\/wp-json\/wp\/v2\/comments?post=672"}],"version-history":[{"count":1,"href":"https:\/\/www.quintadaspalmeiras.pt\/portal1\/wp-json\/wp\/v2\/posts\/672\/revisions"}],"predecessor-version":[{"id":681,"href":"https:\/\/www.quintadaspalmeiras.pt\/portal1\/wp-json\/wp\/v2\/posts\/672\/revisions\/681"}],"wp:featuredmedia":[{"embeddable":true,"href":"https:\/\/www.quintadaspalmeiras.pt\/portal1\/wp-json\/wp\/v2\/media\/680"}],"wp:attachment":[{"href":"https:\/\/www.quintadaspalmeiras.pt\/portal1\/wp-json\/wp\/v2\/media?parent=672"}],"wp:term":[{"taxonomy":"category","embeddable":true,"href":"https:\/\/www.quintadaspalmeiras.pt\/portal1\/wp-json\/wp\/v2\/categories?post=672"},{"taxonomy":"post_tag","embeddable":true,"href":"https:\/\/www.quintadaspalmeiras.pt\/portal1\/wp-json\/wp\/v2\/tags?post=672"}],"curies":[{"name":"wp","href":"https:\/\/api.w.org\/{rel}","templated":true}]}}