{"id":653,"date":"2024-10-01T10:17:13","date_gmt":"2024-10-01T10:17:13","guid":{"rendered":"https:\/\/www.quintadaspalmeiras.pt\/portal1\/?p=653"},"modified":"2024-10-01T11:00:26","modified_gmt":"2024-10-01T11:00:26","slug":"participacao-de-alunos-da-esqp-no-parlamento-dos-jovens-da-ubi","status":"publish","type":"post","link":"https:\/\/www.quintadaspalmeiras.pt\/portal1\/2024\/10\/01\/participacao-de-alunos-da-esqp-no-parlamento-dos-jovens-da-ubi\/","title":{"rendered":"Participa\u00e7\u00e3o de alunos da ESQP no Parlamento dos Jovens da UBI"},"content":{"rendered":"<p style=\"font-weight: 400;\">No passado dia 26 de setembro, alunos do 11\u00ba e 12\u00ba anos da ESQP participaram na sess\u00e3o de abertura da Edi\u00e7\u00e3o da Noite Europeia dos Investigadores 2024, organizada pela\u00a0UBI, que decorreu na\u00a0Biblioteca Municipal da Covilh\u00e3.\u00a0 Presidiram a esta sess\u00e3o o Reitor da UBI, M\u00e1rio Raposo, e a Vice-Reitora para a Investiga\u00e7\u00e3o, Inova\u00e7\u00e3o e Desenvolvimento, S\u00edlvia Socorro.<\/p>\n<p style=\"font-weight: 400;\">De seguida, 9 alunos do 12\u00ba ano participaram no \u201cParlamento dos Jovens\u201d debatendo a tem\u00e1tica da viol\u00eancia no namoro.<\/p>\n<p style=\"font-weight: 400;\">Esta iniciativa foi organizada com o apoio do Conselho Municipal da Juventude da Covilh\u00e3, em colabora\u00e7\u00e3o com a Provedoria do Estudante da UBI, com o Curso de Ci\u00eancia Pol\u00edtica e Rela\u00e7\u00f5es Internacionais e com a Coolabora. Os alunos, acompanhados pela professora de Cidadania e Desenvolvimento e pelos professores de Filosofia, debateram o Projeto de Resolu\u00e7\u00e3o apresentado pela organiza\u00e7\u00e3o e fizeram propostas concretas de altera\u00e7\u00e3o do documento, revelando elevado sentido de \u00e9tica e capacidade de ouvir, de respeitar as opini\u00f5es, de argumentar e de comunicar.<\/p>\n<p style=\"font-weight: 400;\">Na sequ\u00eancia da sua participa\u00e7\u00e3o, considerada de elevada qualidade, os alunos foram convidados pelo representante do Conselho Municipal da Juventude da Covilh\u00e3, para participarem numa reuni\u00e3o que decorrer\u00e1 na pr\u00f3xima 4\u00aa feira, dia 2 de outubro, a fim de elaborarem uma proposta legislativa sobre o tema da Viol\u00eancia no namoro e viol\u00eancia dom\u00e9stica, para apresentarem \u00e0 Assembleia da Rep\u00fablica.<\/p>\n<p style=\"font-weight: 400;\">Assim se preparam os jovens para exercerem uma cidadania ativa e respons\u00e1vel.<\/p>\n<div id='gallery-1' class='gallery galleryid-653 gallery-columns-3 gallery-size-large'><figure class='gallery-item'>\n\t\t\t<div class='gallery-icon portrait'>\n\t\t\t\t<a href='https:\/\/www.quintadaspalmeiras.pt\/portal1\/2024\/10\/01\/participacao-de-alunos-da-esqp-no-parlamento-dos-jovens-da-ubi\/foto\/'><img decoding=\"async\" width=\"685\" height=\"803\" data-src=\"https:\/\/www.quintadaspalmeiras.pt\/portal1\/wp-content\/uploads\/2024\/10\/foto.png\" class=\"attachment-large size-large lazyload\" alt=\"\" data-srcset=\"https:\/\/www.quintadaspalmeiras.pt\/portal1\/wp-content\/uploads\/2024\/10\/foto.png 685w, https:\/\/www.quintadaspalmeiras.pt\/portal1\/wp-content\/uploads\/2024\/10\/foto-256x300.png 256w\" data-sizes=\"(max-width: 709px) 85vw, (max-width: 909px) 67vw, (max-width: 984px) 61vw, (max-width: 1362px) 45vw, 600px\" src=\"data:image\/svg+xml;base64,PHN2ZyB3aWR0aD0iMSIgaGVpZ2h0PSIxIiB4bWxucz0iaHR0cDovL3d3dy53My5vcmcvMjAwMC9zdmciPjwvc3ZnPg==\" style=\"--smush-placeholder-width: 685px; --smush-placeholder-aspect-ratio: 685\/803;\" \/><\/a>\n\t\t\t<\/div><\/figure><figure class='gallery-item'>\n\t\t\t<div class='gallery-icon portrait'>\n\t\t\t\t<a href='https:\/\/www.quintadaspalmeiras.pt\/portal1\/2024\/10\/01\/participacao-de-alunos-da-esqp-no-parlamento-dos-jovens-da-ubi\/foto-2\/'><img decoding=\"async\" width=\"509\" height=\"720\" data-src=\"https:\/\/www.quintadaspalmeiras.pt\/portal1\/wp-content\/uploads\/2024\/10\/Foto-2.jpg\" class=\"attachment-large size-large lazyload\" alt=\"\" data-srcset=\"https:\/\/www.quintadaspalmeiras.pt\/portal1\/wp-content\/uploads\/2024\/10\/Foto-2.jpg 509w, https:\/\/www.quintadaspalmeiras.pt\/portal1\/wp-content\/uploads\/2024\/10\/Foto-2-212x300.jpg 212w\" data-sizes=\"(max-width: 509px) 85vw, 509px\" src=\"data:image\/svg+xml;base64,PHN2ZyB3aWR0aD0iMSIgaGVpZ2h0PSIxIiB4bWxucz0iaHR0cDovL3d3dy53My5vcmcvMjAwMC9zdmciPjwvc3ZnPg==\" style=\"--smush-placeholder-width: 509px; --smush-placeholder-aspect-ratio: 509\/720;\" \/><\/a>\n\t\t\t<\/div><\/figure><figure class='gallery-item'>\n\t\t\t<div class='gallery-icon landscape'>\n\t\t\t\t<a href='https:\/\/www.quintadaspalmeiras.pt\/portal1\/2024\/10\/01\/participacao-de-alunos-da-esqp-no-parlamento-dos-jovens-da-ubi\/photo-2024-09-27-07-31-19-3\/'><img decoding=\"async\" width=\"1024\" height=\"768\" data-src=\"https:\/\/www.quintadaspalmeiras.pt\/portal1\/wp-content\/uploads\/2024\/10\/PHOTO-2024-09-27-07-31-19-3-1024x768.jpg\" class=\"attachment-large size-large lazyload\" alt=\"\" data-srcset=\"https:\/\/www.quintadaspalmeiras.pt\/portal1\/wp-content\/uploads\/2024\/10\/PHOTO-2024-09-27-07-31-19-3-1024x768.jpg 1024w, https:\/\/www.quintadaspalmeiras.pt\/portal1\/wp-content\/uploads\/2024\/10\/PHOTO-2024-09-27-07-31-19-3-300x225.jpg 300w, https:\/\/www.quintadaspalmeiras.pt\/portal1\/wp-content\/uploads\/2024\/10\/PHOTO-2024-09-27-07-31-19-3-768x576.jpg 768w, https:\/\/www.quintadaspalmeiras.pt\/portal1\/wp-content\/uploads\/2024\/10\/PHOTO-2024-09-27-07-31-19-3-1536x1152.jpg 1536w, https:\/\/www.quintadaspalmeiras.pt\/portal1\/wp-content\/uploads\/2024\/10\/PHOTO-2024-09-27-07-31-19-3-1200x900.jpg 1200w, https:\/\/www.quintadaspalmeiras.pt\/portal1\/wp-content\/uploads\/2024\/10\/PHOTO-2024-09-27-07-31-19-3.jpg 1600w\" data-sizes=\"(max-width: 709px) 85vw, (max-width: 909px) 67vw, (max-width: 1362px) 62vw, 840px\" src=\"data:image\/svg+xml;base64,PHN2ZyB3aWR0aD0iMSIgaGVpZ2h0PSIxIiB4bWxucz0iaHR0cDovL3d3dy53My5vcmcvMjAwMC9zdmciPjwvc3ZnPg==\" style=\"--smush-placeholder-width: 1024px; --smush-placeholder-aspect-ratio: 1024\/768;\" \/><\/a>\n\t\t\t<\/div><\/figure><figure class='gallery-item'>\n\t\t\t<div class='gallery-icon landscape'>\n\t\t\t\t<a href='https:\/\/www.quintadaspalmeiras.pt\/portal1\/2024\/10\/01\/participacao-de-alunos-da-esqp-no-parlamento-dos-jovens-da-ubi\/photo-2024-09-27-07-31-19-2-2\/'><img decoding=\"async\" width=\"1024\" height=\"768\" data-src=\"https:\/\/www.quintadaspalmeiras.pt\/portal1\/wp-content\/uploads\/2024\/10\/PHOTO-2024-09-27-07-31-19-2-1024x768.jpg\" class=\"attachment-large size-large lazyload\" alt=\"\" data-srcset=\"https:\/\/www.quintadaspalmeiras.pt\/portal1\/wp-content\/uploads\/2024\/10\/PHOTO-2024-09-27-07-31-19-2-1024x768.jpg 1024w, https:\/\/www.quintadaspalmeiras.pt\/portal1\/wp-content\/uploads\/2024\/10\/PHOTO-2024-09-27-07-31-19-2-300x225.jpg 300w, https:\/\/www.quintadaspalmeiras.pt\/portal1\/wp-content\/uploads\/2024\/10\/PHOTO-2024-09-27-07-31-19-2-768x576.jpg 768w, https:\/\/www.quintadaspalmeiras.pt\/portal1\/wp-content\/uploads\/2024\/10\/PHOTO-2024-09-27-07-31-19-2-1536x1152.jpg 1536w, https:\/\/www.quintadaspalmeiras.pt\/portal1\/wp-content\/uploads\/2024\/10\/PHOTO-2024-09-27-07-31-19-2-1200x900.jpg 1200w, https:\/\/www.quintadaspalmeiras.pt\/portal1\/wp-content\/uploads\/2024\/10\/PHOTO-2024-09-27-07-31-19-2.jpg 1600w\" data-sizes=\"(max-width: 709px) 85vw, (max-width: 909px) 67vw, (max-width: 1362px) 62vw, 840px\" src=\"data:image\/svg+xml;base64,PHN2ZyB3aWR0aD0iMSIgaGVpZ2h0PSIxIiB4bWxucz0iaHR0cDovL3d3dy53My5vcmcvMjAwMC9zdmciPjwvc3ZnPg==\" style=\"--smush-placeholder-width: 1024px; --smush-placeholder-aspect-ratio: 1024\/768;\" \/><\/a>\n\t\t\t<\/div><\/figure><figure class='gallery-item'>\n\t\t\t<div class='gallery-icon landscape'>\n\t\t\t\t<a href='https:\/\/www.quintadaspalmeiras.pt\/portal1\/2024\/10\/01\/participacao-de-alunos-da-esqp-no-parlamento-dos-jovens-da-ubi\/photo-2024-09-27-07-31-19-1\/'><img decoding=\"async\" width=\"1024\" height=\"768\" data-src=\"https:\/\/www.quintadaspalmeiras.pt\/portal1\/wp-content\/uploads\/2024\/10\/PHOTO-2024-09-27-07-31-19-1-1024x768.jpg\" class=\"attachment-large size-large lazyload\" alt=\"\" data-srcset=\"https:\/\/www.quintadaspalmeiras.pt\/portal1\/wp-content\/uploads\/2024\/10\/PHOTO-2024-09-27-07-31-19-1-1024x768.jpg 1024w, https:\/\/www.quintadaspalmeiras.pt\/portal1\/wp-content\/uploads\/2024\/10\/PHOTO-2024-09-27-07-31-19-1-300x225.jpg 300w, https:\/\/www.quintadaspalmeiras.pt\/portal1\/wp-content\/uploads\/2024\/10\/PHOTO-2024-09-27-07-31-19-1-768x576.jpg 768w, https:\/\/www.quintadaspalmeiras.pt\/portal1\/wp-content\/uploads\/2024\/10\/PHOTO-2024-09-27-07-31-19-1-1536x1152.jpg 1536w, https:\/\/www.quintadaspalmeiras.pt\/portal1\/wp-content\/uploads\/2024\/10\/PHOTO-2024-09-27-07-31-19-1-1200x900.jpg 1200w, https:\/\/www.quintadaspalmeiras.pt\/portal1\/wp-content\/uploads\/2024\/10\/PHOTO-2024-09-27-07-31-19-1.jpg 1600w\" data-sizes=\"(max-width: 709px) 85vw, (max-width: 909px) 67vw, (max-width: 1362px) 62vw, 840px\" src=\"data:image\/svg+xml;base64,PHN2ZyB3aWR0aD0iMSIgaGVpZ2h0PSIxIiB4bWxucz0iaHR0cDovL3d3dy53My5vcmcvMjAwMC9zdmciPjwvc3ZnPg==\" style=\"--smush-placeholder-width: 1024px; --smush-placeholder-aspect-ratio: 1024\/768;\" \/><\/a>\n\t\t\t<\/div><\/figure><figure class='gallery-item'>\n\t\t\t<div class='gallery-icon landscape'>\n\t\t\t\t<a href='https:\/\/www.quintadaspalmeiras.pt\/portal1\/2024\/10\/01\/participacao-de-alunos-da-esqp-no-parlamento-dos-jovens-da-ubi\/photo-2024-09-27-07-31-19\/'><img decoding=\"async\" width=\"1024\" height=\"768\" data-src=\"https:\/\/www.quintadaspalmeiras.pt\/portal1\/wp-content\/uploads\/2024\/10\/PHOTO-2024-09-27-07-31-19-1024x768.jpg\" class=\"attachment-large size-large lazyload\" alt=\"\" data-srcset=\"https:\/\/www.quintadaspalmeiras.pt\/portal1\/wp-content\/uploads\/2024\/10\/PHOTO-2024-09-27-07-31-19-1024x768.jpg 1024w, https:\/\/www.quintadaspalmeiras.pt\/portal1\/wp-content\/uploads\/2024\/10\/PHOTO-2024-09-27-07-31-19-300x225.jpg 300w, https:\/\/www.quintadaspalmeiras.pt\/portal1\/wp-content\/uploads\/2024\/10\/PHOTO-2024-09-27-07-31-19-768x576.jpg 768w, https:\/\/www.quintadaspalmeiras.pt\/portal1\/wp-content\/uploads\/2024\/10\/PHOTO-2024-09-27-07-31-19-1536x1152.jpg 1536w, https:\/\/www.quintadaspalmeiras.pt\/portal1\/wp-content\/uploads\/2024\/10\/PHOTO-2024-09-27-07-31-19-1200x900.jpg 1200w, https:\/\/www.quintadaspalmeiras.pt\/portal1\/wp-content\/uploads\/2024\/10\/PHOTO-2024-09-27-07-31-19.jpg 1600w\" data-sizes=\"(max-width: 709px) 85vw, (max-width: 909px) 67vw, (max-width: 1362px) 62vw, 840px\" src=\"data:image\/svg+xml;base64,PHN2ZyB3aWR0aD0iMSIgaGVpZ2h0PSIxIiB4bWxucz0iaHR0cDovL3d3dy53My5vcmcvMjAwMC9zdmciPjwvc3ZnPg==\" style=\"--smush-placeholder-width: 1024px; --smush-placeholder-aspect-ratio: 1024\/768;\" \/><\/a>\n\t\t\t<\/div><\/figure>\n\t\t<\/div>\n\n","protected":false},"excerpt":{"rendered":"<p>No passado dia 26 de setembro, alunos do 11\u00ba e 12\u00ba anos da ESQP participaram na sess\u00e3o de abertura da Edi\u00e7\u00e3o da Noite Europeia dos Investigadores 2024, organizada pela\u00a0UBI, que decorreu na\u00a0Biblioteca Municipal da Covilh\u00e3.\u00a0 Presidiram a esta sess\u00e3o o Reitor da UBI, M\u00e1rio Raposo, e a Vice-Reitora para a Investiga\u00e7\u00e3o, Inova\u00e7\u00e3o e Desenvolvimento, S\u00edlvia &hellip; <a href=\"https:\/\/www.quintadaspalmeiras.pt\/portal1\/2024\/10\/01\/participacao-de-alunos-da-esqp-no-parlamento-dos-jovens-da-ubi\/\" class=\"more-link\">Continue reading<span class=\"screen-reader-text\"> &#8220;Participa\u00e7\u00e3o de alunos da ESQP no Parlamento dos Jovens da UBI&#8221;<\/span><\/a><\/p>\n","protected":false},"author":2,"featured_media":659,"comment_status":"closed","ping_status":"closed","sticky":false,"template":"","format":"standard","meta":{"_angie_page":false,"_crdt_document":"","page_builder":"","footnotes":""},"categories":[1],"tags":[],"class_list":["post-653","post","type-post","status-publish","format-standard","has-post-thumbnail","hentry","category-sem-categoria"],"_links":{"self":[{"href":"https:\/\/www.quintadaspalmeiras.pt\/portal1\/wp-json\/wp\/v2\/posts\/653","targetHints":{"allow":["GET"]}}],"collection":[{"href":"https:\/\/www.quintadaspalmeiras.pt\/portal1\/wp-json\/wp\/v2\/posts"}],"about":[{"href":"https:\/\/www.quintadaspalmeiras.pt\/portal1\/wp-json\/wp\/v2\/types\/post"}],"author":[{"embeddable":true,"href":"https:\/\/www.quintadaspalmeiras.pt\/portal1\/wp-json\/wp\/v2\/users\/2"}],"replies":[{"embeddable":true,"href":"https:\/\/www.quintadaspalmeiras.pt\/portal1\/wp-json\/wp\/v2\/comments?post=653"}],"version-history":[{"count":4,"href":"https:\/\/www.quintadaspalmeiras.pt\/portal1\/wp-json\/wp\/v2\/posts\/653\/revisions"}],"predecessor-version":[{"id":671,"href":"https:\/\/www.quintadaspalmeiras.pt\/portal1\/wp-json\/wp\/v2\/posts\/653\/revisions\/671"}],"wp:featuredmedia":[{"embeddable":true,"href":"https:\/\/www.quintadaspalmeiras.pt\/portal1\/wp-json\/wp\/v2\/media\/659"}],"wp:attachment":[{"href":"https:\/\/www.quintadaspalmeiras.pt\/portal1\/wp-json\/wp\/v2\/media?parent=653"}],"wp:term":[{"taxonomy":"category","embeddable":true,"href":"https:\/\/www.quintadaspalmeiras.pt\/portal1\/wp-json\/wp\/v2\/categories?post=653"},{"taxonomy":"post_tag","embeddable":true,"href":"https:\/\/www.quintadaspalmeiras.pt\/portal1\/wp-json\/wp\/v2\/tags?post=653"}],"curies":[{"name":"wp","href":"https:\/\/api.w.org\/{rel}","templated":true}]}}