{"id":64,"date":"2024-05-28T21:13:16","date_gmt":"2024-05-28T21:13:16","guid":{"rendered":"https:\/\/www.quintadaspalmeiras.pt\/portal1\/?p=64"},"modified":"2024-09-05T15:19:33","modified_gmt":"2024-09-05T15:19:33","slug":"debate-com-a-presenca-dos-lideres-das-juventudes-partidarias-com-representacao-na-covilha","status":"publish","type":"post","link":"https:\/\/www.quintadaspalmeiras.pt\/portal1\/2024\/05\/28\/debate-com-a-presenca-dos-lideres-das-juventudes-partidarias-com-representacao-na-covilha\/","title":{"rendered":"Debate com a presen\u00e7a dos L\u00edderes das Juventudes Partid\u00e1rias com representa\u00e7\u00e3o na Covilh\u00e3"},"content":{"rendered":"\n<p class=\"wp-block-paragraph\">Na pr\u00f3xima 2\u00aa feira, dia 27 de maio, pelas 15:00, decorrer\u00e1 um<strong>&nbsp;DEBATE,<\/strong>&nbsp;no audit\u00f3rio do CTE, que conta com a presen\u00e7a dos<strong>&nbsp;L\u00cdDERES DAS JUVENTUDES PARTID\u00c1RIAS,<\/strong>&nbsp;com representa\u00e7\u00e3o na Covilh\u00e3 &#8211; PS, PSD, CDS-PP, BE e PCP.<\/p>\n\n\n\n<p class=\"wp-block-paragraph\">Esta iniciativa, preparada pelos alunos dinamizadores do projeto &#8220;Pol\u00edtica para futuros cidad\u00e3os&#8221; em articula\u00e7\u00e3o com a Cidadania e Desenvolvimento, pretende sensibilizar os jovens para a import\u00e2ncia da participa\u00e7\u00e3o pol\u00edtica ativa e inform\u00e1-los das a\u00e7\u00f5es levadas a cabo por estas organiza\u00e7\u00f5es.<\/p>\n","protected":false},"excerpt":{"rendered":"<p>Na pr\u00f3xima 2\u00aa feira, dia 27 de maio, pelas 15:00, decorrer\u00e1 um&nbsp;DEBATE,&nbsp;no audit\u00f3rio do CTE, que conta com a presen\u00e7a dos&nbsp;L\u00cdDERES DAS JUVENTUDES PARTID\u00c1RIAS,&nbsp;com representa\u00e7\u00e3o na Covilh\u00e3 &#8211; PS, PSD, CDS-PP, BE e PCP. Esta iniciativa, preparada pelos alunos dinamizadores do projeto &#8220;Pol\u00edtica para futuros cidad\u00e3os&#8221; em articula\u00e7\u00e3o com a Cidadania e Desenvolvimento, pretende sensibilizar &hellip; <a href=\"https:\/\/www.quintadaspalmeiras.pt\/portal1\/2024\/05\/28\/debate-com-a-presenca-dos-lideres-das-juventudes-partidarias-com-representacao-na-covilha\/\" class=\"more-link\">Continue reading<span class=\"screen-reader-text\"> &#8220;Debate com a presen\u00e7a dos L\u00edderes das Juventudes Partid\u00e1rias com representa\u00e7\u00e3o na Covilh\u00e3&#8221;<\/span><\/a><\/p>\n","protected":false},"author":1,"featured_media":65,"comment_status":"open","ping_status":"open","sticky":false,"template":"","format":"standard","meta":{"_angie_page":false,"_crdt_document":"","page_builder":"","footnotes":""},"categories":[1],"tags":[6],"class_list":["post-64","post","type-post","status-publish","format-standard","has-post-thumbnail","hentry","category-sem-categoria","tag-debates"],"_links":{"self":[{"href":"https:\/\/www.quintadaspalmeiras.pt\/portal1\/wp-json\/wp\/v2\/posts\/64","targetHints":{"allow":["GET"]}}],"collection":[{"href":"https:\/\/www.quintadaspalmeiras.pt\/portal1\/wp-json\/wp\/v2\/posts"}],"about":[{"href":"https:\/\/www.quintadaspalmeiras.pt\/portal1\/wp-json\/wp\/v2\/types\/post"}],"author":[{"embeddable":true,"href":"https:\/\/www.quintadaspalmeiras.pt\/portal1\/wp-json\/wp\/v2\/users\/1"}],"replies":[{"embeddable":true,"href":"https:\/\/www.quintadaspalmeiras.pt\/portal1\/wp-json\/wp\/v2\/comments?post=64"}],"version-history":[{"count":1,"href":"https:\/\/www.quintadaspalmeiras.pt\/portal1\/wp-json\/wp\/v2\/posts\/64\/revisions"}],"predecessor-version":[{"id":66,"href":"https:\/\/www.quintadaspalmeiras.pt\/portal1\/wp-json\/wp\/v2\/posts\/64\/revisions\/66"}],"wp:featuredmedia":[{"embeddable":true,"href":"https:\/\/www.quintadaspalmeiras.pt\/portal1\/wp-json\/wp\/v2\/media\/65"}],"wp:attachment":[{"href":"https:\/\/www.quintadaspalmeiras.pt\/portal1\/wp-json\/wp\/v2\/media?parent=64"}],"wp:term":[{"taxonomy":"category","embeddable":true,"href":"https:\/\/www.quintadaspalmeiras.pt\/portal1\/wp-json\/wp\/v2\/categories?post=64"},{"taxonomy":"post_tag","embeddable":true,"href":"https:\/\/www.quintadaspalmeiras.pt\/portal1\/wp-json\/wp\/v2\/tags?post=64"}],"curies":[{"name":"wp","href":"https:\/\/api.w.org\/{rel}","templated":true}]}}