{"id":613,"date":"2024-09-24T14:22:35","date_gmt":"2024-09-24T14:22:35","guid":{"rendered":"https:\/\/www.quintadaspalmeiras.pt\/portal1\/?p=613"},"modified":"2024-09-24T20:44:07","modified_gmt":"2024-09-24T20:44:07","slug":"politica-para-futuros-cidadaos","status":"publish","type":"post","link":"https:\/\/www.quintadaspalmeiras.pt\/portal1\/2024\/09\/24\/politica-para-futuros-cidadaos\/","title":{"rendered":"Pol\u00edtica para futuros cidad\u00e3os"},"content":{"rendered":"<div>&#8220;Pol\u00edtica para Futuros Cidad\u00e3os&#8221;, o projeto de alunos para alunos da Escola Quinta das Palmeiras, vai iniciar mais um ano de atividades. Com uma equipa alargada e uma nova imagem, definiram j\u00e1 um plano que conta com\u00a0 apoio nas elei\u00e7\u00f5es para a Associa\u00e7\u00e3o de Estudantes, divulga\u00e7\u00e3o de posts informativos sobre temas da atualidade, visitas de figuras pol\u00edticas regionais e nacionais, debates com convidados, continua\u00e7\u00e3o da participa\u00e7\u00e3o no projeto &#8220;Mi\u00fados a Votos&#8221;, a\u00e7\u00f5es informativas sobre a AE nas turmas de 7\u00ba ano e visita de estudo ao Parlamento Europeu.<\/div>\n<div style=\"text-align: left;\">Desejamos a todos um excelente ano letivo com muito sucesso nas iniciativas que, com toda a certeza, contribuir\u00e3o para a promo\u00e7\u00e3o da literacia pol\u00edtica dos nossos alunos.<\/div>\n<div><\/div>\n<div style=\"text-align: center;\"><a href=\"https:\/\/www.quintadaspalmeiras.pt\/portal1\/wp-content\/uploads\/2024\/09\/APRESENTACAO-PROJETO-2425.pdf\" class=\"pdfemb-viewer\" style=\"\" data-width=\"max\" data-height=\"max\" data-toolbar=\"bottom\" data-toolbar-fixed=\"off\">APRESENTA\u00c7\u00c3O PROJETO 2425<\/a><\/div>\n","protected":false},"excerpt":{"rendered":"<p>&#8220;Pol\u00edtica para Futuros Cidad\u00e3os&#8221;, o projeto de alunos para alunos da Escola Quinta das Palmeiras, vai iniciar mais um ano de atividades. Com uma equipa alargada e uma nova imagem, definiram j\u00e1 um plano que conta com\u00a0 apoio nas elei\u00e7\u00f5es para a Associa\u00e7\u00e3o de Estudantes, divulga\u00e7\u00e3o de posts informativos sobre temas da atualidade, visitas de &hellip; <a href=\"https:\/\/www.quintadaspalmeiras.pt\/portal1\/2024\/09\/24\/politica-para-futuros-cidadaos\/\" class=\"more-link\">Continue reading<span class=\"screen-reader-text\"> &#8220;Pol\u00edtica para futuros cidad\u00e3os&#8221;<\/span><\/a><\/p>\n","protected":false},"author":2,"featured_media":617,"comment_status":"closed","ping_status":"closed","sticky":false,"template":"","format":"standard","meta":{"_angie_page":false,"_crdt_document":"","page_builder":"","footnotes":""},"categories":[1],"tags":[],"class_list":["post-613","post","type-post","status-publish","format-standard","has-post-thumbnail","hentry","category-sem-categoria"],"_links":{"self":[{"href":"https:\/\/www.quintadaspalmeiras.pt\/portal1\/wp-json\/wp\/v2\/posts\/613","targetHints":{"allow":["GET"]}}],"collection":[{"href":"https:\/\/www.quintadaspalmeiras.pt\/portal1\/wp-json\/wp\/v2\/posts"}],"about":[{"href":"https:\/\/www.quintadaspalmeiras.pt\/portal1\/wp-json\/wp\/v2\/types\/post"}],"author":[{"embeddable":true,"href":"https:\/\/www.quintadaspalmeiras.pt\/portal1\/wp-json\/wp\/v2\/users\/2"}],"replies":[{"embeddable":true,"href":"https:\/\/www.quintadaspalmeiras.pt\/portal1\/wp-json\/wp\/v2\/comments?post=613"}],"version-history":[{"count":4,"href":"https:\/\/www.quintadaspalmeiras.pt\/portal1\/wp-json\/wp\/v2\/posts\/613\/revisions"}],"predecessor-version":[{"id":640,"href":"https:\/\/www.quintadaspalmeiras.pt\/portal1\/wp-json\/wp\/v2\/posts\/613\/revisions\/640"}],"wp:featuredmedia":[{"embeddable":true,"href":"https:\/\/www.quintadaspalmeiras.pt\/portal1\/wp-json\/wp\/v2\/media\/617"}],"wp:attachment":[{"href":"https:\/\/www.quintadaspalmeiras.pt\/portal1\/wp-json\/wp\/v2\/media?parent=613"}],"wp:term":[{"taxonomy":"category","embeddable":true,"href":"https:\/\/www.quintadaspalmeiras.pt\/portal1\/wp-json\/wp\/v2\/categories?post=613"},{"taxonomy":"post_tag","embeddable":true,"href":"https:\/\/www.quintadaspalmeiras.pt\/portal1\/wp-json\/wp\/v2\/tags?post=613"}],"curies":[{"name":"wp","href":"https:\/\/api.w.org\/{rel}","templated":true}]}}