{"id":556,"date":"2024-09-17T14:09:54","date_gmt":"2024-09-17T14:09:54","guid":{"rendered":"https:\/\/www.quintadaspalmeiras.pt\/portal1\/?p=556"},"modified":"2024-09-23T10:59:14","modified_gmt":"2024-09-23T10:59:14","slug":"calendario-escolar-2024-25","status":"publish","type":"post","link":"https:\/\/www.quintadaspalmeiras.pt\/portal1\/2024\/09\/17\/calendario-escolar-2024-25\/","title":{"rendered":"Calend\u00e1rio Escolar 2024-25"},"content":{"rendered":"<p>Este \u00e9 o calend\u00e1rio da Escola Secund\u00e1ria Quinta das Palmeiras com organiza\u00e7\u00e3o semestral. Aproveitamos para desejar a todos os nossos alunos um excelente ano letivo.<\/p>\n<p style=\"text-align: center;\"><a href=\"https:\/\/www.quintadaspalmeiras.pt\/portal1\/wp-content\/uploads\/2024\/09\/ACL_MGB_Calendario2024.2025VersaoB.pdf\" class=\"pdfemb-viewer\" style=\"\" data-width=\"max\" data-height=\"max\" data-toolbar=\"bottom\" data-toolbar-fixed=\"off\">ACL_MGB_Calenda\u0301rio2024.2025Versa\u0303oB<\/a><\/p>\n","protected":false},"excerpt":{"rendered":"<p>Este \u00e9 o calend\u00e1rio da Escola Secund\u00e1ria Quinta das Palmeiras com organiza\u00e7\u00e3o semestral. Aproveitamos para desejar a todos os nossos alunos um excelente ano letivo.<\/p>\n","protected":false},"author":1,"featured_media":558,"comment_status":"closed","ping_status":"closed","sticky":false,"template":"","format":"standard","meta":{"_angie_page":false,"_crdt_document":"","page_builder":"","footnotes":""},"categories":[1],"tags":[],"class_list":["post-556","post","type-post","status-publish","format-standard","has-post-thumbnail","hentry","category-sem-categoria"],"_links":{"self":[{"href":"https:\/\/www.quintadaspalmeiras.pt\/portal1\/wp-json\/wp\/v2\/posts\/556","targetHints":{"allow":["GET"]}}],"collection":[{"href":"https:\/\/www.quintadaspalmeiras.pt\/portal1\/wp-json\/wp\/v2\/posts"}],"about":[{"href":"https:\/\/www.quintadaspalmeiras.pt\/portal1\/wp-json\/wp\/v2\/types\/post"}],"author":[{"embeddable":true,"href":"https:\/\/www.quintadaspalmeiras.pt\/portal1\/wp-json\/wp\/v2\/users\/1"}],"replies":[{"embeddable":true,"href":"https:\/\/www.quintadaspalmeiras.pt\/portal1\/wp-json\/wp\/v2\/comments?post=556"}],"version-history":[{"count":2,"href":"https:\/\/www.quintadaspalmeiras.pt\/portal1\/wp-json\/wp\/v2\/posts\/556\/revisions"}],"predecessor-version":[{"id":586,"href":"https:\/\/www.quintadaspalmeiras.pt\/portal1\/wp-json\/wp\/v2\/posts\/556\/revisions\/586"}],"wp:featuredmedia":[{"embeddable":true,"href":"https:\/\/www.quintadaspalmeiras.pt\/portal1\/wp-json\/wp\/v2\/media\/558"}],"wp:attachment":[{"href":"https:\/\/www.quintadaspalmeiras.pt\/portal1\/wp-json\/wp\/v2\/media?parent=556"}],"wp:term":[{"taxonomy":"category","embeddable":true,"href":"https:\/\/www.quintadaspalmeiras.pt\/portal1\/wp-json\/wp\/v2\/categories?post=556"},{"taxonomy":"post_tag","embeddable":true,"href":"https:\/\/www.quintadaspalmeiras.pt\/portal1\/wp-json\/wp\/v2\/tags?post=556"}],"curies":[{"name":"wp","href":"https:\/\/api.w.org\/{rel}","templated":true}]}}