{"id":4654,"date":"2026-09-04T14:52:34","date_gmt":"2026-09-04T14:52:34","guid":{"rendered":"https:\/\/www.quintadaspalmeiras.pt\/portal1\/?p=4654"},"modified":"2026-09-04T15:47:10","modified_gmt":"2026-09-04T15:47:10","slug":"abertura-do-ano-letivo-2026-2027","status":"publish","type":"post","link":"https:\/\/www.quintadaspalmeiras.pt\/portal1\/2026\/09\/04\/abertura-do-ano-letivo-2026-2027\/","title":{"rendered":"Abertura do Ano Letivo 2026-2027"},"content":{"rendered":"<p>Novo ano, novas aventuras, novas aprendizagens e muitos momentos para viver juntos.<\/p>\n<p>Estamos muito felizes por voltar a receber toda a nossa comunidade escolar!<\/p>\n<p>Bem-vindos a mais um ano letivo!<\/p>\n<p><strong>Rece\u00e7\u00e3o aos alunos do 7.\u00b0 ano <\/strong><\/p>\n<p>No dia 15 de setembro de 2026, ter\u00e1 lugar a rece\u00e7\u00e3o das turmas do 7.\u00ba ano no Audit\u00f3rio do CTE, em hor\u00e1rios definidos para cada turma.<\/p>\n<p>Juntos iniciamos mais um percurso cheio de desafios e conquistas!<\/p>\n<p>Bom Ano Letivo a todos!<\/p>\n<p style=\"text-align: center;\"><img decoding=\"async\" class=\"alignnone wp-image-4660 lazyload\" data-src=\"https:\/\/www.quintadaspalmeiras.pt\/portal1\/wp-content\/uploads\/2026\/09\/site-1-300x225.png\" alt=\"\" width=\"600\" height=\"450\" data-srcset=\"https:\/\/www.quintadaspalmeiras.pt\/portal1\/wp-content\/uploads\/2026\/09\/site-1-300x225.png 300w, https:\/\/www.quintadaspalmeiras.pt\/portal1\/wp-content\/uploads\/2026\/09\/site-1-1024x768.png 1024w, https:\/\/www.quintadaspalmeiras.pt\/portal1\/wp-content\/uploads\/2026\/09\/site-1-768x576.png 768w, https:\/\/www.quintadaspalmeiras.pt\/portal1\/wp-content\/uploads\/2026\/09\/site-1-1536x1152.png 1536w, https:\/\/www.quintadaspalmeiras.pt\/portal1\/wp-content\/uploads\/2026\/09\/site-1-1200x900.png 1200w, https:\/\/www.quintadaspalmeiras.pt\/portal1\/wp-content\/uploads\/2026\/09\/site-1.png 2048w\" data-sizes=\"(max-width: 709px) 85vw, (max-width: 909px) 67vw, (max-width: 984px) 61vw, (max-width: 1362px) 45vw, 600px\" src=\"data:image\/svg+xml;base64,PHN2ZyB3aWR0aD0iMSIgaGVpZ2h0PSIxIiB4bWxucz0iaHR0cDovL3d3dy53My5vcmcvMjAwMC9zdmciPjwvc3ZnPg==\" style=\"--smush-placeholder-width: 600px; --smush-placeholder-aspect-ratio: 600\/450;\" \/><\/p>\n<p><img decoding=\"async\" class=\"size-medium wp-image-4655 aligncenter lazyload\" data-src=\"https:\/\/www.quintadaspalmeiras.pt\/portal1\/wp-content\/uploads\/2026\/09\/tabela-site-230x300.png\" alt=\"\" width=\"230\" height=\"300\" data-srcset=\"https:\/\/www.quintadaspalmeiras.pt\/portal1\/wp-content\/uploads\/2026\/09\/tabela-site-230x300.png 230w, https:\/\/www.quintadaspalmeiras.pt\/portal1\/wp-content\/uploads\/2026\/09\/tabela-site.png 578w\" data-sizes=\"(max-width: 230px) 85vw, 230px\" src=\"data:image\/svg+xml;base64,PHN2ZyB3aWR0aD0iMSIgaGVpZ2h0PSIxIiB4bWxucz0iaHR0cDovL3d3dy53My5vcmcvMjAwMC9zdmciPjwvc3ZnPg==\" style=\"--smush-placeholder-width: 230px; --smush-placeholder-aspect-ratio: 230\/300;\" \/><\/p>\n<p style=\"text-align: center;\">\n","protected":false},"excerpt":{"rendered":"<p>Novo ano, novas aventuras, novas aprendizagens e muitos momentos para viver juntos. Estamos muito felizes por voltar a receber toda a nossa comunidade escolar! Bem-vindos a mais um ano letivo! Rece\u00e7\u00e3o aos alunos do 7.\u00b0 ano No dia 15 de setembro de 2026, ter\u00e1 lugar a rece\u00e7\u00e3o das turmas do 7.\u00ba ano no Audit\u00f3rio do &hellip; <a href=\"https:\/\/www.quintadaspalmeiras.pt\/portal1\/2026\/09\/04\/abertura-do-ano-letivo-2026-2027\/\" class=\"more-link\">Continue reading<span class=\"screen-reader-text\"> &#8220;Abertura do Ano Letivo 2026-2027&#8221;<\/span><\/a><\/p>\n","protected":false},"author":1,"featured_media":4657,"comment_status":"closed","ping_status":"closed","sticky":false,"template":"","format":"standard","meta":{"_angie_page":false,"page_builder":"","footnotes":""},"categories":[1],"tags":[],"class_list":["post-4654","post","type-post","status-publish","format-standard","has-post-thumbnail","hentry","category-sem-categoria"],"_links":{"self":[{"href":"https:\/\/www.quintadaspalmeiras.pt\/portal1\/wp-json\/wp\/v2\/posts\/4654","targetHints":{"allow":["GET"]}}],"collection":[{"href":"https:\/\/www.quintadaspalmeiras.pt\/portal1\/wp-json\/wp\/v2\/posts"}],"about":[{"href":"https:\/\/www.quintadaspalmeiras.pt\/portal1\/wp-json\/wp\/v2\/types\/post"}],"author":[{"embeddable":true,"href":"https:\/\/www.quintadaspalmeiras.pt\/portal1\/wp-json\/wp\/v2\/users\/1"}],"replies":[{"embeddable":true,"href":"https:\/\/www.quintadaspalmeiras.pt\/portal1\/wp-json\/wp\/v2\/comments?post=4654"}],"version-history":[{"count":4,"href":"https:\/\/www.quintadaspalmeiras.pt\/portal1\/wp-json\/wp\/v2\/posts\/4654\/revisions"}],"predecessor-version":[{"id":4663,"href":"https:\/\/www.quintadaspalmeiras.pt\/portal1\/wp-json\/wp\/v2\/posts\/4654\/revisions\/4663"}],"wp:featuredmedia":[{"embeddable":true,"href":"https:\/\/www.quintadaspalmeiras.pt\/portal1\/wp-json\/wp\/v2\/media\/4657"}],"wp:attachment":[{"href":"https:\/\/www.quintadaspalmeiras.pt\/portal1\/wp-json\/wp\/v2\/media?parent=4654"}],"wp:term":[{"taxonomy":"category","embeddable":true,"href":"https:\/\/www.quintadaspalmeiras.pt\/portal1\/wp-json\/wp\/v2\/categories?post=4654"},{"taxonomy":"post_tag","embeddable":true,"href":"https:\/\/www.quintadaspalmeiras.pt\/portal1\/wp-json\/wp\/v2\/tags?post=4654"}],"curies":[{"name":"wp","href":"https:\/\/api.w.org\/{rel}","templated":true}]}}