{"id":4177,"date":"2026-04-30T09:45:21","date_gmt":"2026-04-30T09:45:21","guid":{"rendered":"https:\/\/www.quintadaspalmeiras.pt\/portal1\/?p=4177"},"modified":"2026-04-30T09:45:21","modified_gmt":"2026-04-30T09:45:21","slug":"peddy-paper-inclusivo","status":"publish","type":"post","link":"https:\/\/www.quintadaspalmeiras.pt\/portal1\/2026\/04\/30\/peddy-paper-inclusivo\/","title":{"rendered":"Peddy Paper Inclusivo"},"content":{"rendered":"<div>\n<div>No pr\u00f3ximo dia 4 de maio, realizar-se-\u00e1 na escola o \u201cPeddy Paper Inclusivo\u201d, dinamizado pelos n\u00facleos de est\u00e1gio de Educa\u00e7\u00e3o F\u00edsica, Portugu\u00eas\/Espanhol e Filosofia.<\/div>\n<div>Ao longo de um percurso com 7 esta\u00e7\u00f5es, os alunos ser\u00e3o desafiados a realizar diversas atividades que promovem a coopera\u00e7\u00e3o, a comunica\u00e7\u00e3o e a inclus\u00e3o, atrav\u00e9s da simula\u00e7\u00e3o de diferentes limita\u00e7\u00f5es. Esta iniciativa pretende sensibilizar para a import\u00e2ncia do respeito pela diferen\u00e7a e da igualdade de oportunidades.<\/div>\n<div><\/div>\n<\/div>\n<div style=\"text-align: center;\"><img decoding=\"async\" class=\"alignnone  wp-image-4178 lazyload\" data-src=\"https:\/\/www.quintadaspalmeiras.pt\/portal1\/wp-content\/uploads\/2026\/04\/bd3ac82a-5171-47d4-909c-e80d3efaa696-212x300.jpg\" alt=\"\" width=\"544\" height=\"770\" data-srcset=\"https:\/\/www.quintadaspalmeiras.pt\/portal1\/wp-content\/uploads\/2026\/04\/bd3ac82a-5171-47d4-909c-e80d3efaa696-212x300.jpg 212w, https:\/\/www.quintadaspalmeiras.pt\/portal1\/wp-content\/uploads\/2026\/04\/bd3ac82a-5171-47d4-909c-e80d3efaa696.jpg 707w\" data-sizes=\"(max-width: 544px) 85vw, 544px\" src=\"data:image\/svg+xml;base64,PHN2ZyB3aWR0aD0iMSIgaGVpZ2h0PSIxIiB4bWxucz0iaHR0cDovL3d3dy53My5vcmcvMjAwMC9zdmciPjwvc3ZnPg==\" style=\"--smush-placeholder-width: 544px; --smush-placeholder-aspect-ratio: 544\/770;\" \/><\/div>\n<div><\/div>\n","protected":false},"excerpt":{"rendered":"<p>No pr\u00f3ximo dia 4 de maio, realizar-se-\u00e1 na escola o \u201cPeddy Paper Inclusivo\u201d, dinamizado pelos n\u00facleos de est\u00e1gio de Educa\u00e7\u00e3o F\u00edsica, Portugu\u00eas\/Espanhol e Filosofia. Ao longo de um percurso com 7 esta\u00e7\u00f5es, os alunos ser\u00e3o desafiados a realizar diversas atividades que promovem a coopera\u00e7\u00e3o, a comunica\u00e7\u00e3o e a inclus\u00e3o, atrav\u00e9s da simula\u00e7\u00e3o de diferentes limita\u00e7\u00f5es. &hellip; <a href=\"https:\/\/www.quintadaspalmeiras.pt\/portal1\/2026\/04\/30\/peddy-paper-inclusivo\/\" class=\"more-link\">Continue reading<span class=\"screen-reader-text\"> &#8220;Peddy Paper Inclusivo&#8221;<\/span><\/a><\/p>\n","protected":false},"author":2,"featured_media":4180,"comment_status":"closed","ping_status":"closed","sticky":false,"template":"","format":"standard","meta":{"_angie_page":false,"_crdt_document":"","page_builder":"","footnotes":""},"categories":[1],"tags":[],"class_list":["post-4177","post","type-post","status-publish","format-standard","has-post-thumbnail","hentry","category-sem-categoria"],"_links":{"self":[{"href":"https:\/\/www.quintadaspalmeiras.pt\/portal1\/wp-json\/wp\/v2\/posts\/4177","targetHints":{"allow":["GET"]}}],"collection":[{"href":"https:\/\/www.quintadaspalmeiras.pt\/portal1\/wp-json\/wp\/v2\/posts"}],"about":[{"href":"https:\/\/www.quintadaspalmeiras.pt\/portal1\/wp-json\/wp\/v2\/types\/post"}],"author":[{"embeddable":true,"href":"https:\/\/www.quintadaspalmeiras.pt\/portal1\/wp-json\/wp\/v2\/users\/2"}],"replies":[{"embeddable":true,"href":"https:\/\/www.quintadaspalmeiras.pt\/portal1\/wp-json\/wp\/v2\/comments?post=4177"}],"version-history":[{"count":1,"href":"https:\/\/www.quintadaspalmeiras.pt\/portal1\/wp-json\/wp\/v2\/posts\/4177\/revisions"}],"predecessor-version":[{"id":4182,"href":"https:\/\/www.quintadaspalmeiras.pt\/portal1\/wp-json\/wp\/v2\/posts\/4177\/revisions\/4182"}],"wp:featuredmedia":[{"embeddable":true,"href":"https:\/\/www.quintadaspalmeiras.pt\/portal1\/wp-json\/wp\/v2\/media\/4180"}],"wp:attachment":[{"href":"https:\/\/www.quintadaspalmeiras.pt\/portal1\/wp-json\/wp\/v2\/media?parent=4177"}],"wp:term":[{"taxonomy":"category","embeddable":true,"href":"https:\/\/www.quintadaspalmeiras.pt\/portal1\/wp-json\/wp\/v2\/categories?post=4177"},{"taxonomy":"post_tag","embeddable":true,"href":"https:\/\/www.quintadaspalmeiras.pt\/portal1\/wp-json\/wp\/v2\/tags?post=4177"}],"curies":[{"name":"wp","href":"https:\/\/api.w.org\/{rel}","templated":true}]}}