{"id":3975,"date":"2026-03-25T10:23:57","date_gmt":"2026-03-25T10:23:57","guid":{"rendered":"https:\/\/www.quintadaspalmeiras.pt\/portal1\/?p=3975"},"modified":"2026-03-25T10:23:57","modified_gmt":"2026-03-25T10:23:57","slug":"conclusao-do-programa-de-educacao-para-a-paz-2","status":"publish","type":"post","link":"https:\/\/www.quintadaspalmeiras.pt\/portal1\/2026\/03\/25\/conclusao-do-programa-de-educacao-para-a-paz-2\/","title":{"rendered":"Conclus\u00e3o do Programa de Educa\u00e7\u00e3o para a Paz"},"content":{"rendered":"<p style=\"font-weight: 400;\">No dia 18 de mar\u00e7o, dez alunas da Escola conclu\u00edram o\u00a0Programa de Educa\u00e7\u00e3o para a Paz. Com efeito, ao longo de v\u00e1rias semanas, estas alunas tiveram a oportunidade de explorarem e refletirem sobre dez recursos interiores,\u00a0a saber: paz, aprecia\u00e7\u00e3o, for\u00e7a interior, consci\u00eancia de si mesmo, clareza, compreens\u00e3o, dignidade, escolha, esperan\u00e7a e contentamento.<\/p>\n<p style=\"font-weight: 400;\">Ao conclu\u00edrem o\u00a0Programa de Educa\u00e7\u00e3o para a Paz, as jovens t\u00eam agora a oportunidade de poderem recorrer a estes recursos interiores para as ajudarem em todos os momentos das suas vidas, sejam quais forem as circunst\u00e2ncias externas.<\/p>\n<p style=\"font-weight: 400;\">No \u00faltimo workshop tem\u00e1tico\u00a0foi entregue, a cada uma das alunas, o respetivo certificado de conclus\u00e3o do PEP (Programa de Educa\u00e7\u00e3o para a Paz).<\/p>\n<p style=\"font-weight: 400;\">\n<p style=\"font-weight: 400; text-align: right;\">A facilitadora do Programa de Educa\u00e7\u00e3o para a Paz: <em>Sara Ramos<\/em><\/p>\n","protected":false},"excerpt":{"rendered":"<p>No dia 18 de mar\u00e7o, dez alunas da Escola conclu\u00edram o\u00a0Programa de Educa\u00e7\u00e3o para a Paz. Com efeito, ao longo de v\u00e1rias semanas, estas alunas tiveram a oportunidade de explorarem e refletirem sobre dez recursos interiores,\u00a0a saber: paz, aprecia\u00e7\u00e3o, for\u00e7a interior, consci\u00eancia de si mesmo, clareza, compreens\u00e3o, dignidade, escolha, esperan\u00e7a e contentamento. Ao conclu\u00edrem o\u00a0Programa &hellip; <a href=\"https:\/\/www.quintadaspalmeiras.pt\/portal1\/2026\/03\/25\/conclusao-do-programa-de-educacao-para-a-paz-2\/\" class=\"more-link\">Continue reading<span class=\"screen-reader-text\"> &#8220;Conclus\u00e3o do Programa de Educa\u00e7\u00e3o para a Paz&#8221;<\/span><\/a><\/p>\n","protected":false},"author":2,"featured_media":3976,"comment_status":"closed","ping_status":"closed","sticky":false,"template":"","format":"standard","meta":{"_angie_page":false,"_crdt_document":"","page_builder":"","footnotes":""},"categories":[1],"tags":[],"class_list":["post-3975","post","type-post","status-publish","format-standard","has-post-thumbnail","hentry","category-sem-categoria"],"_links":{"self":[{"href":"https:\/\/www.quintadaspalmeiras.pt\/portal1\/wp-json\/wp\/v2\/posts\/3975","targetHints":{"allow":["GET"]}}],"collection":[{"href":"https:\/\/www.quintadaspalmeiras.pt\/portal1\/wp-json\/wp\/v2\/posts"}],"about":[{"href":"https:\/\/www.quintadaspalmeiras.pt\/portal1\/wp-json\/wp\/v2\/types\/post"}],"author":[{"embeddable":true,"href":"https:\/\/www.quintadaspalmeiras.pt\/portal1\/wp-json\/wp\/v2\/users\/2"}],"replies":[{"embeddable":true,"href":"https:\/\/www.quintadaspalmeiras.pt\/portal1\/wp-json\/wp\/v2\/comments?post=3975"}],"version-history":[{"count":1,"href":"https:\/\/www.quintadaspalmeiras.pt\/portal1\/wp-json\/wp\/v2\/posts\/3975\/revisions"}],"predecessor-version":[{"id":3978,"href":"https:\/\/www.quintadaspalmeiras.pt\/portal1\/wp-json\/wp\/v2\/posts\/3975\/revisions\/3978"}],"wp:featuredmedia":[{"embeddable":true,"href":"https:\/\/www.quintadaspalmeiras.pt\/portal1\/wp-json\/wp\/v2\/media\/3976"}],"wp:attachment":[{"href":"https:\/\/www.quintadaspalmeiras.pt\/portal1\/wp-json\/wp\/v2\/media?parent=3975"}],"wp:term":[{"taxonomy":"category","embeddable":true,"href":"https:\/\/www.quintadaspalmeiras.pt\/portal1\/wp-json\/wp\/v2\/categories?post=3975"},{"taxonomy":"post_tag","embeddable":true,"href":"https:\/\/www.quintadaspalmeiras.pt\/portal1\/wp-json\/wp\/v2\/tags?post=3975"}],"curies":[{"name":"wp","href":"https:\/\/api.w.org\/{rel}","templated":true}]}}