{"id":3970,"date":"2026-03-23T13:14:20","date_gmt":"2026-03-23T13:14:20","guid":{"rendered":"https:\/\/www.quintadaspalmeiras.pt\/portal1\/?p=3970"},"modified":"2026-03-23T13:14:20","modified_gmt":"2026-03-23T13:14:20","slug":"orcamento-participativo-das-escolas","status":"publish","type":"post","link":"https:\/\/www.quintadaspalmeiras.pt\/portal1\/2026\/03\/23\/orcamento-participativo-das-escolas\/","title":{"rendered":"OR\u00c7AMENTO PARTICIPATIVO DAS ESCOLAS"},"content":{"rendered":"<div>Na passada sexta feira, dia 20 de mar\u00e7o, realizou-se na nossa escola o debate do Or\u00e7amento Participativo das Escolas.<\/div>\n<div>Esta sess\u00e3o proporcionou um espa\u00e7o de partilha de ideias e opini\u00f5es entre os alunos, incentivando a participa\u00e7\u00e3o ativa na tomada de decis\u00f5es que contribuem para a melhoria do ambiente escolar. Foi uma iniciativa enriquecedora que promoveu o esp\u00edrito cr\u00edtico, a cidadania e o envolvimento da comunidade educativa. A, B ou C? AMANH\u00c3, DIA 24 DE MAR\u00c7O, N\u00c3O TE ESQUE\u00c7AS DE VOTAR!!!<\/div>\n<div><\/div>\n<div style=\"text-align: center;\">\n<p><iframe title=\"OPE - OR\u00c7AMENTO PARTICIPATIVO DAS ESCOLAS 2026\" width=\"1140\" height=\"641\" data-src=\"https:\/\/www.youtube.com\/embed\/m4dkL2nNGHY?feature=oembed\" frameborder=\"0\" allow=\"accelerometer; autoplay; clipboard-write; encrypted-media; gyroscope; picture-in-picture; web-share\" referrerpolicy=\"strict-origin-when-cross-origin\" allowfullscreen src=\"data:image\/svg+xml;base64,PHN2ZyB3aWR0aD0iMSIgaGVpZ2h0PSIxIiB4bWxucz0iaHR0cDovL3d3dy53My5vcmcvMjAwMC9zdmciPjwvc3ZnPg==\" class=\"lazyload\" data-load-mode=\"1\"><\/iframe><\/p>\n<\/div>\n","protected":false},"excerpt":{"rendered":"<p>Na passada sexta feira, dia 20 de mar\u00e7o, realizou-se na nossa escola o debate do Or\u00e7amento Participativo das Escolas. Esta sess\u00e3o proporcionou um espa\u00e7o de partilha de ideias e opini\u00f5es entre os alunos, incentivando a participa\u00e7\u00e3o ativa na tomada de decis\u00f5es que contribuem para a melhoria do ambiente escolar. Foi uma iniciativa enriquecedora que promoveu &hellip; <a href=\"https:\/\/www.quintadaspalmeiras.pt\/portal1\/2026\/03\/23\/orcamento-participativo-das-escolas\/\" class=\"more-link\">Continue reading<span class=\"screen-reader-text\"> &#8220;OR\u00c7AMENTO PARTICIPATIVO DAS ESCOLAS&#8221;<\/span><\/a><\/p>\n","protected":false},"author":2,"featured_media":3971,"comment_status":"closed","ping_status":"closed","sticky":false,"template":"","format":"standard","meta":{"_angie_page":false,"_crdt_document":"","page_builder":"","footnotes":""},"categories":[1],"tags":[],"class_list":["post-3970","post","type-post","status-publish","format-standard","has-post-thumbnail","hentry","category-sem-categoria"],"_links":{"self":[{"href":"https:\/\/www.quintadaspalmeiras.pt\/portal1\/wp-json\/wp\/v2\/posts\/3970","targetHints":{"allow":["GET"]}}],"collection":[{"href":"https:\/\/www.quintadaspalmeiras.pt\/portal1\/wp-json\/wp\/v2\/posts"}],"about":[{"href":"https:\/\/www.quintadaspalmeiras.pt\/portal1\/wp-json\/wp\/v2\/types\/post"}],"author":[{"embeddable":true,"href":"https:\/\/www.quintadaspalmeiras.pt\/portal1\/wp-json\/wp\/v2\/users\/2"}],"replies":[{"embeddable":true,"href":"https:\/\/www.quintadaspalmeiras.pt\/portal1\/wp-json\/wp\/v2\/comments?post=3970"}],"version-history":[{"count":1,"href":"https:\/\/www.quintadaspalmeiras.pt\/portal1\/wp-json\/wp\/v2\/posts\/3970\/revisions"}],"predecessor-version":[{"id":3973,"href":"https:\/\/www.quintadaspalmeiras.pt\/portal1\/wp-json\/wp\/v2\/posts\/3970\/revisions\/3973"}],"wp:featuredmedia":[{"embeddable":true,"href":"https:\/\/www.quintadaspalmeiras.pt\/portal1\/wp-json\/wp\/v2\/media\/3971"}],"wp:attachment":[{"href":"https:\/\/www.quintadaspalmeiras.pt\/portal1\/wp-json\/wp\/v2\/media?parent=3970"}],"wp:term":[{"taxonomy":"category","embeddable":true,"href":"https:\/\/www.quintadaspalmeiras.pt\/portal1\/wp-json\/wp\/v2\/categories?post=3970"},{"taxonomy":"post_tag","embeddable":true,"href":"https:\/\/www.quintadaspalmeiras.pt\/portal1\/wp-json\/wp\/v2\/tags?post=3970"}],"curies":[{"name":"wp","href":"https:\/\/api.w.org\/{rel}","templated":true}]}}