{"id":3958,"date":"2026-03-20T10:23:31","date_gmt":"2026-03-20T10:23:31","guid":{"rendered":"https:\/\/www.quintadaspalmeiras.pt\/portal1\/?p=3958"},"modified":"2026-03-20T10:28:53","modified_gmt":"2026-03-20T10:28:53","slug":"programa-leaders-gang-associacao-mentes-empreendedoras","status":"publish","type":"post","link":"https:\/\/www.quintadaspalmeiras.pt\/portal1\/2026\/03\/20\/programa-leaders-gang-associacao-mentes-empreendedoras\/","title":{"rendered":"Programa Leaders Gang &#8211; Associa\u00e7\u00e3o Mentes Empreendedoras"},"content":{"rendered":"<p style=\"text-align: justify;\">No \u00e2mbito do projeto de Cidadania e Desenvolvimento, na dimens\u00e3o da Literacia Financeira e Empreendedorismo, os alunos da disciplina de Economia A, do 10\u00ba D\/E, participaram no programa <em>Leaders Gang <\/em>promovido e coordenado pela associa\u00e7\u00e3o Mentes Empreendedoras. Este projeto \u00e9 imersivo de desenvolvimento pessoal e capacita\u00e7\u00e3o de lideran\u00e7a para jovens do ensino secund\u00e1rio com trajet\u00f3rias de supera\u00e7\u00e3o. Foca no pensamento cr\u00edtico, empreendedorismo social e a\u00e7\u00e3o comunit\u00e1ria, contando com mentores, l\u00edderes reconhecidos e apoio de parceiros institucionais. Desenvolveram-se quatro Workshops, nos dias 17\/11, 23\/02, 02\/03 e 09\/03, com a orienta\u00e7\u00e3o do l\u00edder Lu\u00eds Henrique Patr\u00edcio, aluno que frequentou a ESQP, e a mentora Maria Miguel, possibilitando aos alunos que assumissem o papel de empreendedores sociais para resolver problemas da comunidade e, consequentemente desenvolver a capacita\u00e7\u00e3o da colabora\u00e7\u00e3o, da autonomia, do pensamento critico e da comunica\u00e7\u00e3o.<\/p>\n<p style=\"text-align: right;\">Docente de Economia A \u2013 Lurdes Br\u00e1s<\/p>\n<div id='gallery-1' class='gallery galleryid-3958 gallery-columns-1 gallery-size-large'><figure class='gallery-item'>\n\t\t\t<div class='gallery-icon portrait'>\n\t\t\t\t<a href='https:\/\/www.quintadaspalmeiras.pt\/portal1\/2026\/03\/20\/programa-leaders-gang-associacao-mentes-empreendedoras\/attachment\/1000015561\/'><img decoding=\"async\" width=\"768\" height=\"1024\" data-src=\"https:\/\/www.quintadaspalmeiras.pt\/portal1\/wp-content\/uploads\/2026\/03\/1000015561-768x1024.jpg\" class=\"attachment-large size-large lazyload\" alt=\"\" data-srcset=\"https:\/\/www.quintadaspalmeiras.pt\/portal1\/wp-content\/uploads\/2026\/03\/1000015561-768x1024.jpg 768w, https:\/\/www.quintadaspalmeiras.pt\/portal1\/wp-content\/uploads\/2026\/03\/1000015561-225x300.jpg 225w, https:\/\/www.quintadaspalmeiras.pt\/portal1\/wp-content\/uploads\/2026\/03\/1000015561-1152x1536.jpg 1152w, https:\/\/www.quintadaspalmeiras.pt\/portal1\/wp-content\/uploads\/2026\/03\/1000015561-1200x1600.jpg 1200w, https:\/\/www.quintadaspalmeiras.pt\/portal1\/wp-content\/uploads\/2026\/03\/1000015561.jpg 1536w\" data-sizes=\"(max-width: 709px) 85vw, (max-width: 909px) 67vw, (max-width: 984px) 61vw, (max-width: 1362px) 45vw, 600px\" src=\"data:image\/svg+xml;base64,PHN2ZyB3aWR0aD0iMSIgaGVpZ2h0PSIxIiB4bWxucz0iaHR0cDovL3d3dy53My5vcmcvMjAwMC9zdmciPjwvc3ZnPg==\" style=\"--smush-placeholder-width: 768px; --smush-placeholder-aspect-ratio: 768\/1024;\" \/><\/a>\n\t\t\t<\/div><\/figure><figure class='gallery-item'>\n\t\t\t<div class='gallery-icon portrait'>\n\t\t\t\t<a href='https:\/\/www.quintadaspalmeiras.pt\/portal1\/2026\/03\/20\/programa-leaders-gang-associacao-mentes-empreendedoras\/attachment\/1000015559\/'><img decoding=\"async\" width=\"768\" height=\"1024\" data-src=\"https:\/\/www.quintadaspalmeiras.pt\/portal1\/wp-content\/uploads\/2026\/03\/1000015559-768x1024.jpg\" class=\"attachment-large size-large lazyload\" alt=\"\" data-srcset=\"https:\/\/www.quintadaspalmeiras.pt\/portal1\/wp-content\/uploads\/2026\/03\/1000015559-768x1024.jpg 768w, https:\/\/www.quintadaspalmeiras.pt\/portal1\/wp-content\/uploads\/2026\/03\/1000015559-225x300.jpg 225w, https:\/\/www.quintadaspalmeiras.pt\/portal1\/wp-content\/uploads\/2026\/03\/1000015559-1152x1536.jpg 1152w, https:\/\/www.quintadaspalmeiras.pt\/portal1\/wp-content\/uploads\/2026\/03\/1000015559-1200x1600.jpg 1200w, https:\/\/www.quintadaspalmeiras.pt\/portal1\/wp-content\/uploads\/2026\/03\/1000015559.jpg 1536w\" data-sizes=\"(max-width: 709px) 85vw, (max-width: 909px) 67vw, (max-width: 984px) 61vw, (max-width: 1362px) 45vw, 600px\" src=\"data:image\/svg+xml;base64,PHN2ZyB3aWR0aD0iMSIgaGVpZ2h0PSIxIiB4bWxucz0iaHR0cDovL3d3dy53My5vcmcvMjAwMC9zdmciPjwvc3ZnPg==\" style=\"--smush-placeholder-width: 768px; --smush-placeholder-aspect-ratio: 768\/1024;\" \/><\/a>\n\t\t\t<\/div><\/figure>\n\t\t<\/div>\n\n","protected":false},"excerpt":{"rendered":"<p>No \u00e2mbito do projeto de Cidadania e Desenvolvimento, na dimens\u00e3o da Literacia Financeira e Empreendedorismo, os alunos da disciplina de Economia A, do 10\u00ba D\/E, participaram no programa Leaders Gang promovido e coordenado pela associa\u00e7\u00e3o Mentes Empreendedoras. Este projeto \u00e9 imersivo de desenvolvimento pessoal e capacita\u00e7\u00e3o de lideran\u00e7a para jovens do ensino secund\u00e1rio com trajet\u00f3rias &hellip; <a href=\"https:\/\/www.quintadaspalmeiras.pt\/portal1\/2026\/03\/20\/programa-leaders-gang-associacao-mentes-empreendedoras\/\" class=\"more-link\">Continue reading<span class=\"screen-reader-text\"> &#8220;Programa Leaders Gang &#8211; Associa\u00e7\u00e3o Mentes Empreendedoras&#8221;<\/span><\/a><\/p>\n","protected":false},"author":2,"featured_media":3959,"comment_status":"closed","ping_status":"closed","sticky":false,"template":"","format":"standard","meta":{"_angie_page":false,"_crdt_document":"","page_builder":"","footnotes":""},"categories":[1],"tags":[],"class_list":["post-3958","post","type-post","status-publish","format-standard","has-post-thumbnail","hentry","category-sem-categoria"],"_links":{"self":[{"href":"https:\/\/www.quintadaspalmeiras.pt\/portal1\/wp-json\/wp\/v2\/posts\/3958","targetHints":{"allow":["GET"]}}],"collection":[{"href":"https:\/\/www.quintadaspalmeiras.pt\/portal1\/wp-json\/wp\/v2\/posts"}],"about":[{"href":"https:\/\/www.quintadaspalmeiras.pt\/portal1\/wp-json\/wp\/v2\/types\/post"}],"author":[{"embeddable":true,"href":"https:\/\/www.quintadaspalmeiras.pt\/portal1\/wp-json\/wp\/v2\/users\/2"}],"replies":[{"embeddable":true,"href":"https:\/\/www.quintadaspalmeiras.pt\/portal1\/wp-json\/wp\/v2\/comments?post=3958"}],"version-history":[{"count":4,"href":"https:\/\/www.quintadaspalmeiras.pt\/portal1\/wp-json\/wp\/v2\/posts\/3958\/revisions"}],"predecessor-version":[{"id":3968,"href":"https:\/\/www.quintadaspalmeiras.pt\/portal1\/wp-json\/wp\/v2\/posts\/3958\/revisions\/3968"}],"wp:featuredmedia":[{"embeddable":true,"href":"https:\/\/www.quintadaspalmeiras.pt\/portal1\/wp-json\/wp\/v2\/media\/3959"}],"wp:attachment":[{"href":"https:\/\/www.quintadaspalmeiras.pt\/portal1\/wp-json\/wp\/v2\/media?parent=3958"}],"wp:term":[{"taxonomy":"category","embeddable":true,"href":"https:\/\/www.quintadaspalmeiras.pt\/portal1\/wp-json\/wp\/v2\/categories?post=3958"},{"taxonomy":"post_tag","embeddable":true,"href":"https:\/\/www.quintadaspalmeiras.pt\/portal1\/wp-json\/wp\/v2\/tags?post=3958"}],"curies":[{"name":"wp","href":"https:\/\/api.w.org\/{rel}","templated":true}]}}