{"id":3947,"date":"2026-03-19T11:29:25","date_gmt":"2026-03-19T11:29:25","guid":{"rendered":"https:\/\/www.quintadaspalmeiras.pt\/portal1\/?p=3947"},"modified":"2026-03-19T11:31:50","modified_gmt":"2026-03-19T11:31:50","slug":"jovens-talentos-da-esqp-participam-no-concurso-internacional-naboj-2026","status":"publish","type":"post","link":"https:\/\/www.quintadaspalmeiras.pt\/portal1\/2026\/03\/19\/jovens-talentos-da-esqp-participam-no-concurso-internacional-naboj-2026\/","title":{"rendered":"Jovens talentos da ESQP participam no Concurso Internacional N\u00e1boj 2026"},"content":{"rendered":"<p>No dia 13 de mar\u00e7o, uma equipa composta por cinco alunos da Escola Secund\u00e1ria Quinta das Palmeiras \u2014 <strong>Guilherme Almeida<\/strong> e <strong>Margarida Falorca<\/strong> (11.\u00ba A), e <strong>Andr\u00e9 Ramos<\/strong>, <strong>Jo\u00e3o Martins<\/strong> e <strong>Lu\u00eds Silva<\/strong> (12.\u00ba A) \u2014 participou na 2.\u00aa edi\u00e7\u00e3o portuguesa do <strong>N\u00e1boj<\/strong>, uma das competi\u00e7\u00f5es internacionais de matem\u00e1tica mais din\u00e2micas e desafiantes do mundo.<\/p>\n<p>Durante intensos 120 minutos, os nossos alunos deram o seu melhor num desafio repleto de racioc\u00ednio r\u00e1pido, criatividade e forte esp\u00edrito de equipa, competindo lado a lado com 66<strong> equipas portuguesas<\/strong> e estudantes de <strong>18 pa\u00edses<\/strong>, entre os quais Alemanha, Reino Unido e Singapura.<\/p>\n<p><em>\u201cFoi uma experi\u00eancia incr\u00edvel ver como a matem\u00e1tica pode ser colaborativa e emocionante\u201d<\/em>, partilharam os alunos, entusiasmados com a experi\u00eancia.<\/p>\n<p>A nossa equipa alcan\u00e7ou um excelente <strong>34.\u00ba lugar a n\u00edvel nacionais<\/strong>, resultado que demonstra o empenho, dedica\u00e7\u00e3o e capacidade de supera\u00e7\u00e3o dos alunos, que representaram a escola de forma exemplar.<\/p>\n<p><strong>Parab\u00e9ns aos nossos alunos! <\/strong>Continuem a trilhar o vosso caminho com determina\u00e7\u00e3o e curiosidade \u2014 estamos muito orgulhosos de voc\u00eas!<\/p>\n<p>A organiza\u00e7\u00e3o local esteve a cargo da associa\u00e7\u00e3o <strong>TreeTree2<\/strong> e do <strong>Departamento de Matem\u00e1tica do Instituto Superior T\u00e9cnico<\/strong>, que, al\u00e9m da prova, proporcionaram aos jovens palestras cient\u00edficas e contacto direto com o ambiente universit\u00e1rio.<\/p>\n<div id='gallery-1' class='gallery galleryid-3947 gallery-columns-1 gallery-size-large'><figure class='gallery-item'>\n\t\t\t<div class='gallery-icon landscape'>\n\t\t\t\t<img decoding=\"async\" width=\"1024\" height=\"913\" data-src=\"https:\/\/www.quintadaspalmeiras.pt\/portal1\/wp-content\/uploads\/2026\/03\/IMG_2566-1024x913.jpeg\" class=\"attachment-large size-large lazyload\" alt=\"\" data-srcset=\"https:\/\/www.quintadaspalmeiras.pt\/portal1\/wp-content\/uploads\/2026\/03\/IMG_2566-1024x913.jpeg 1024w, https:\/\/www.quintadaspalmeiras.pt\/portal1\/wp-content\/uploads\/2026\/03\/IMG_2566-300x268.jpeg 300w, https:\/\/www.quintadaspalmeiras.pt\/portal1\/wp-content\/uploads\/2026\/03\/IMG_2566-768x685.jpeg 768w, https:\/\/www.quintadaspalmeiras.pt\/portal1\/wp-content\/uploads\/2026\/03\/IMG_2566-1536x1370.jpeg 1536w, https:\/\/www.quintadaspalmeiras.pt\/portal1\/wp-content\/uploads\/2026\/03\/IMG_2566-2048x1827.jpeg 2048w, https:\/\/www.quintadaspalmeiras.pt\/portal1\/wp-content\/uploads\/2026\/03\/IMG_2566-1200x1070.jpeg 1200w\" data-sizes=\"(max-width: 709px) 85vw, (max-width: 909px) 67vw, (max-width: 1362px) 62vw, 840px\" src=\"data:image\/svg+xml;base64,PHN2ZyB3aWR0aD0iMSIgaGVpZ2h0PSIxIiB4bWxucz0iaHR0cDovL3d3dy53My5vcmcvMjAwMC9zdmciPjwvc3ZnPg==\" style=\"--smush-placeholder-width: 1024px; --smush-placeholder-aspect-ratio: 1024\/913;\" \/>\n\t\t\t<\/div><\/figure><figure class='gallery-item'>\n\t\t\t<div class='gallery-icon landscape'>\n\t\t\t\t<img decoding=\"async\" width=\"1024\" height=\"576\" data-src=\"https:\/\/www.quintadaspalmeiras.pt\/portal1\/wp-content\/uploads\/2026\/03\/c53f56d0-a854-421a-9299-263ac8c69531-1024x576.jpg\" class=\"attachment-large size-large lazyload\" alt=\"\" data-srcset=\"https:\/\/www.quintadaspalmeiras.pt\/portal1\/wp-content\/uploads\/2026\/03\/c53f56d0-a854-421a-9299-263ac8c69531-1024x576.jpg 1024w, https:\/\/www.quintadaspalmeiras.pt\/portal1\/wp-content\/uploads\/2026\/03\/c53f56d0-a854-421a-9299-263ac8c69531-300x169.jpg 300w, https:\/\/www.quintadaspalmeiras.pt\/portal1\/wp-content\/uploads\/2026\/03\/c53f56d0-a854-421a-9299-263ac8c69531-768x432.jpg 768w, https:\/\/www.quintadaspalmeiras.pt\/portal1\/wp-content\/uploads\/2026\/03\/c53f56d0-a854-421a-9299-263ac8c69531-1536x864.jpg 1536w, https:\/\/www.quintadaspalmeiras.pt\/portal1\/wp-content\/uploads\/2026\/03\/c53f56d0-a854-421a-9299-263ac8c69531-1200x675.jpg 1200w, https:\/\/www.quintadaspalmeiras.pt\/portal1\/wp-content\/uploads\/2026\/03\/c53f56d0-a854-421a-9299-263ac8c69531.jpg 1599w\" data-sizes=\"(max-width: 709px) 85vw, (max-width: 909px) 67vw, (max-width: 1362px) 62vw, 840px\" src=\"data:image\/svg+xml;base64,PHN2ZyB3aWR0aD0iMSIgaGVpZ2h0PSIxIiB4bWxucz0iaHR0cDovL3d3dy53My5vcmcvMjAwMC9zdmciPjwvc3ZnPg==\" style=\"--smush-placeholder-width: 1024px; --smush-placeholder-aspect-ratio: 1024\/576;\" \/>\n\t\t\t<\/div><\/figure><figure class='gallery-item'>\n\t\t\t<div class='gallery-icon portrait'>\n\t\t\t\t<img decoding=\"async\" width=\"768\" height=\"1024\" data-src=\"https:\/\/www.quintadaspalmeiras.pt\/portal1\/wp-content\/uploads\/2026\/03\/164c6a36-1103-442c-b1ef-0b5a8d606334-768x1024.jpg\" class=\"attachment-large size-large lazyload\" alt=\"\" data-srcset=\"https:\/\/www.quintadaspalmeiras.pt\/portal1\/wp-content\/uploads\/2026\/03\/164c6a36-1103-442c-b1ef-0b5a8d606334-768x1024.jpg 768w, https:\/\/www.quintadaspalmeiras.pt\/portal1\/wp-content\/uploads\/2026\/03\/164c6a36-1103-442c-b1ef-0b5a8d606334-225x300.jpg 225w, https:\/\/www.quintadaspalmeiras.pt\/portal1\/wp-content\/uploads\/2026\/03\/164c6a36-1103-442c-b1ef-0b5a8d606334-1152x1536.jpg 1152w, https:\/\/www.quintadaspalmeiras.pt\/portal1\/wp-content\/uploads\/2026\/03\/164c6a36-1103-442c-b1ef-0b5a8d606334.jpg 1200w\" data-sizes=\"(max-width: 709px) 85vw, (max-width: 909px) 67vw, (max-width: 984px) 61vw, (max-width: 1362px) 45vw, 600px\" src=\"data:image\/svg+xml;base64,PHN2ZyB3aWR0aD0iMSIgaGVpZ2h0PSIxIiB4bWxucz0iaHR0cDovL3d3dy53My5vcmcvMjAwMC9zdmciPjwvc3ZnPg==\" style=\"--smush-placeholder-width: 768px; --smush-placeholder-aspect-ratio: 768\/1024;\" \/>\n\t\t\t<\/div><\/figure>\n\t\t<\/div>\n\n","protected":false},"excerpt":{"rendered":"<p>No dia 13 de mar\u00e7o, uma equipa composta por cinco alunos da Escola Secund\u00e1ria Quinta das Palmeiras \u2014 Guilherme Almeida e Margarida Falorca (11.\u00ba A), e Andr\u00e9 Ramos, Jo\u00e3o Martins e Lu\u00eds Silva (12.\u00ba A) \u2014 participou na 2.\u00aa edi\u00e7\u00e3o portuguesa do N\u00e1boj, uma das competi\u00e7\u00f5es internacionais de matem\u00e1tica mais din\u00e2micas e desafiantes do mundo. &hellip; <a href=\"https:\/\/www.quintadaspalmeiras.pt\/portal1\/2026\/03\/19\/jovens-talentos-da-esqp-participam-no-concurso-internacional-naboj-2026\/\" class=\"more-link\">Continue reading<span class=\"screen-reader-text\"> &#8220;Jovens talentos da ESQP participam no Concurso Internacional N\u00e1boj 2026&#8221;<\/span><\/a><\/p>\n","protected":false},"author":2,"featured_media":3953,"comment_status":"closed","ping_status":"closed","sticky":false,"template":"","format":"standard","meta":{"_angie_page":false,"_crdt_document":"","page_builder":"","footnotes":""},"categories":[1],"tags":[],"class_list":["post-3947","post","type-post","status-publish","format-standard","has-post-thumbnail","hentry","category-sem-categoria"],"_links":{"self":[{"href":"https:\/\/www.quintadaspalmeiras.pt\/portal1\/wp-json\/wp\/v2\/posts\/3947","targetHints":{"allow":["GET"]}}],"collection":[{"href":"https:\/\/www.quintadaspalmeiras.pt\/portal1\/wp-json\/wp\/v2\/posts"}],"about":[{"href":"https:\/\/www.quintadaspalmeiras.pt\/portal1\/wp-json\/wp\/v2\/types\/post"}],"author":[{"embeddable":true,"href":"https:\/\/www.quintadaspalmeiras.pt\/portal1\/wp-json\/wp\/v2\/users\/2"}],"replies":[{"embeddable":true,"href":"https:\/\/www.quintadaspalmeiras.pt\/portal1\/wp-json\/wp\/v2\/comments?post=3947"}],"version-history":[{"count":2,"href":"https:\/\/www.quintadaspalmeiras.pt\/portal1\/wp-json\/wp\/v2\/posts\/3947\/revisions"}],"predecessor-version":[{"id":3957,"href":"https:\/\/www.quintadaspalmeiras.pt\/portal1\/wp-json\/wp\/v2\/posts\/3947\/revisions\/3957"}],"wp:featuredmedia":[{"embeddable":true,"href":"https:\/\/www.quintadaspalmeiras.pt\/portal1\/wp-json\/wp\/v2\/media\/3953"}],"wp:attachment":[{"href":"https:\/\/www.quintadaspalmeiras.pt\/portal1\/wp-json\/wp\/v2\/media?parent=3947"}],"wp:term":[{"taxonomy":"category","embeddable":true,"href":"https:\/\/www.quintadaspalmeiras.pt\/portal1\/wp-json\/wp\/v2\/categories?post=3947"},{"taxonomy":"post_tag","embeddable":true,"href":"https:\/\/www.quintadaspalmeiras.pt\/portal1\/wp-json\/wp\/v2\/tags?post=3947"}],"curies":[{"name":"wp","href":"https:\/\/api.w.org\/{rel}","templated":true}]}}