{"id":3854,"date":"2026-03-08T13:30:25","date_gmt":"2026-03-08T13:30:25","guid":{"rendered":"https:\/\/www.quintadaspalmeiras.pt\/portal1\/?p=3854"},"modified":"2026-03-08T13:35:46","modified_gmt":"2026-03-08T13:35:46","slug":"3854","status":"publish","type":"post","link":"https:\/\/www.quintadaspalmeiras.pt\/portal1\/2026\/03\/08\/3854\/","title":{"rendered":"Alunos do CP T\u00e9cnico de Informa\u00e7\u00e3o e Anima\u00e7\u00e3o Tur\u00edstica assistiram \u00e0 antestreia\u00a0do filme &#8220;TERRA VIL&#8221;"},"content":{"rendered":"<p>Em articula\u00e7\u00e3o com o PNC, alunos do Curso Profissional T\u00e9cnico de Informa\u00e7\u00e3o e Anima\u00e7\u00e3o Tur\u00edstica (10.\u00ba ano) assistiram \u00e0 antestreia<strong>\u00a0<\/strong>do filme &#8220;TERRA VIL&#8221;, de Lu\u00eds Campos.<br \/>\nA atividade teve como objetivos&#8230;<br \/>\n&#8211; Proporcionar aos alunos uma experi\u00eancia cinematogr\u00e1fica plena do filme, valorizando o contacto direto com\u00a0a sala escura e refor\u00e7ando o papel do cinema como ferramenta pedag\u00f3gica transversal;<br \/>\n&#8211; Explorar e debater tem\u00e1ticas como altera\u00e7\u00f5es clim\u00e1ticas, sustentabilidade, adolesc\u00eancia, patriarcado, adi\u00e7\u00f5es, viol\u00eancia dom\u00e9stica, bullying, tradi\u00e7\u00f5es locais e resili\u00eancia familiar;<br \/>\n&#8211; Conhecer o territ\u00f3rio portugu\u00eas e as suas potencialidades.<br \/>\nUma experi\u00eancia \u00fanica que contou, ainda, com a presen\u00e7a da produtora Ana Almeida que acompanha os alunos na foto.<\/p>\n","protected":false},"excerpt":{"rendered":"<p>Em articula\u00e7\u00e3o com o PNC, alunos do Curso Profissional T\u00e9cnico de Informa\u00e7\u00e3o e Anima\u00e7\u00e3o Tur\u00edstica (10.\u00ba ano) assistiram \u00e0 antestreia\u00a0do filme &#8220;TERRA VIL&#8221;, de Lu\u00eds Campos. A atividade teve como objetivos&#8230; &#8211; Proporcionar aos alunos uma experi\u00eancia cinematogr\u00e1fica plena do filme, valorizando o contacto direto com\u00a0a sala escura e refor\u00e7ando o papel do cinema como &hellip; <a href=\"https:\/\/www.quintadaspalmeiras.pt\/portal1\/2026\/03\/08\/3854\/\" class=\"more-link\">Continue reading<span class=\"screen-reader-text\"> &#8220;Alunos do CP T\u00e9cnico de Informa\u00e7\u00e3o e Anima\u00e7\u00e3o Tur\u00edstica assistiram \u00e0 antestreia\u00a0do filme &#8220;TERRA VIL&#8221;&#8221;<\/span><\/a><\/p>\n","protected":false},"author":2,"featured_media":3855,"comment_status":"closed","ping_status":"closed","sticky":false,"template":"","format":"standard","meta":{"_angie_page":false,"_crdt_document":"","page_builder":"","footnotes":""},"categories":[1],"tags":[],"class_list":["post-3854","post","type-post","status-publish","format-standard","has-post-thumbnail","hentry","category-sem-categoria"],"_links":{"self":[{"href":"https:\/\/www.quintadaspalmeiras.pt\/portal1\/wp-json\/wp\/v2\/posts\/3854","targetHints":{"allow":["GET"]}}],"collection":[{"href":"https:\/\/www.quintadaspalmeiras.pt\/portal1\/wp-json\/wp\/v2\/posts"}],"about":[{"href":"https:\/\/www.quintadaspalmeiras.pt\/portal1\/wp-json\/wp\/v2\/types\/post"}],"author":[{"embeddable":true,"href":"https:\/\/www.quintadaspalmeiras.pt\/portal1\/wp-json\/wp\/v2\/users\/2"}],"replies":[{"embeddable":true,"href":"https:\/\/www.quintadaspalmeiras.pt\/portal1\/wp-json\/wp\/v2\/comments?post=3854"}],"version-history":[{"count":5,"href":"https:\/\/www.quintadaspalmeiras.pt\/portal1\/wp-json\/wp\/v2\/posts\/3854\/revisions"}],"predecessor-version":[{"id":3860,"href":"https:\/\/www.quintadaspalmeiras.pt\/portal1\/wp-json\/wp\/v2\/posts\/3854\/revisions\/3860"}],"wp:featuredmedia":[{"embeddable":true,"href":"https:\/\/www.quintadaspalmeiras.pt\/portal1\/wp-json\/wp\/v2\/media\/3855"}],"wp:attachment":[{"href":"https:\/\/www.quintadaspalmeiras.pt\/portal1\/wp-json\/wp\/v2\/media?parent=3854"}],"wp:term":[{"taxonomy":"category","embeddable":true,"href":"https:\/\/www.quintadaspalmeiras.pt\/portal1\/wp-json\/wp\/v2\/categories?post=3854"},{"taxonomy":"post_tag","embeddable":true,"href":"https:\/\/www.quintadaspalmeiras.pt\/portal1\/wp-json\/wp\/v2\/tags?post=3854"}],"curies":[{"name":"wp","href":"https:\/\/api.w.org\/{rel}","templated":true}]}}