{"id":3840,"date":"2026-03-08T13:16:50","date_gmt":"2026-03-08T13:16:50","guid":{"rendered":"https:\/\/www.quintadaspalmeiras.pt\/portal1\/?p=3840"},"modified":"2026-03-08T13:16:50","modified_gmt":"2026-03-08T13:16:50","slug":"acao-de-solidariedade-promovida-pelo-projeto-ser-cidadania-e-desenvolvimento-em-colaboracao-com-a-cruz-vermelha","status":"publish","type":"post","link":"https:\/\/www.quintadaspalmeiras.pt\/portal1\/2026\/03\/08\/acao-de-solidariedade-promovida-pelo-projeto-ser-cidadania-e-desenvolvimento-em-colaboracao-com-a-cruz-vermelha\/","title":{"rendered":"A\u00e7\u00e3o de solidariedade promovida pelo Projeto Ser + \/ Cidadania e Desenvolvimento, em colabora\u00e7\u00e3o com a\u00a0Cruz Vermelha"},"content":{"rendered":"<p>Nos dias 28 de fevereiro e 1 mar\u00e7o, o Projeto Ser + \/Cidadania e Desenvolvimento, em colabora\u00e7\u00e3o com a iniciativa da\u00a0Cruz Vermelha Portuguesa, promoveu uma importante a\u00e7\u00e3o de solidariedade junto da comunidade. Esta parceria refor\u00e7ou o compromisso com os valores da cidadania ativa, da empatia e da responsabilidade social. Esta a\u00e7\u00e3o n\u00e3o s\u00f3 fortaleceu os la\u00e7os entre a escola e a comunidade, como tamb\u00e9m evidenciou a import\u00e2ncia de formar cidad\u00e3os respons\u00e1veis, solid\u00e1rios e comprometidos com o bem comum.<\/p>\n<p style=\"text-align: center;\"><img decoding=\"async\" class=\"alignnone  wp-image-3841 lazyload\" data-src=\"https:\/\/www.quintadaspalmeiras.pt\/portal1\/wp-content\/uploads\/2026\/03\/cruzvermelha2-225x300.jpeg\" alt=\"\" width=\"549\" height=\"732\" data-srcset=\"https:\/\/www.quintadaspalmeiras.pt\/portal1\/wp-content\/uploads\/2026\/03\/cruzvermelha2-225x300.jpeg 225w, https:\/\/www.quintadaspalmeiras.pt\/portal1\/wp-content\/uploads\/2026\/03\/cruzvermelha2-768x1024.jpeg 768w, https:\/\/www.quintadaspalmeiras.pt\/portal1\/wp-content\/uploads\/2026\/03\/cruzvermelha2-1152x1536.jpeg 1152w, https:\/\/www.quintadaspalmeiras.pt\/portal1\/wp-content\/uploads\/2026\/03\/cruzvermelha2-1200x1600.jpeg 1200w, https:\/\/www.quintadaspalmeiras.pt\/portal1\/wp-content\/uploads\/2026\/03\/cruzvermelha2.jpeg 1500w\" data-sizes=\"(max-width: 549px) 85vw, 549px\" src=\"data:image\/svg+xml;base64,PHN2ZyB3aWR0aD0iMSIgaGVpZ2h0PSIxIiB4bWxucz0iaHR0cDovL3d3dy53My5vcmcvMjAwMC9zdmciPjwvc3ZnPg==\" style=\"--smush-placeholder-width: 549px; --smush-placeholder-aspect-ratio: 549\/732;\" \/><\/p>\n","protected":false},"excerpt":{"rendered":"<p>Nos dias 28 de fevereiro e 1 mar\u00e7o, o Projeto Ser + \/Cidadania e Desenvolvimento, em colabora\u00e7\u00e3o com a iniciativa da\u00a0Cruz Vermelha Portuguesa, promoveu uma importante a\u00e7\u00e3o de solidariedade junto da comunidade. Esta parceria refor\u00e7ou o compromisso com os valores da cidadania ativa, da empatia e da responsabilidade social. Esta a\u00e7\u00e3o n\u00e3o s\u00f3 fortaleceu os &hellip; <a href=\"https:\/\/www.quintadaspalmeiras.pt\/portal1\/2026\/03\/08\/acao-de-solidariedade-promovida-pelo-projeto-ser-cidadania-e-desenvolvimento-em-colaboracao-com-a-cruz-vermelha\/\" class=\"more-link\">Continue reading<span class=\"screen-reader-text\"> &#8220;A\u00e7\u00e3o de solidariedade promovida pelo Projeto Ser + \/ Cidadania e Desenvolvimento, em colabora\u00e7\u00e3o com a\u00a0Cruz Vermelha&#8221;<\/span><\/a><\/p>\n","protected":false},"author":2,"featured_media":3842,"comment_status":"closed","ping_status":"closed","sticky":false,"template":"","format":"standard","meta":{"_angie_page":false,"_crdt_document":"","page_builder":"","footnotes":""},"categories":[1],"tags":[],"class_list":["post-3840","post","type-post","status-publish","format-standard","has-post-thumbnail","hentry","category-sem-categoria"],"_links":{"self":[{"href":"https:\/\/www.quintadaspalmeiras.pt\/portal1\/wp-json\/wp\/v2\/posts\/3840","targetHints":{"allow":["GET"]}}],"collection":[{"href":"https:\/\/www.quintadaspalmeiras.pt\/portal1\/wp-json\/wp\/v2\/posts"}],"about":[{"href":"https:\/\/www.quintadaspalmeiras.pt\/portal1\/wp-json\/wp\/v2\/types\/post"}],"author":[{"embeddable":true,"href":"https:\/\/www.quintadaspalmeiras.pt\/portal1\/wp-json\/wp\/v2\/users\/2"}],"replies":[{"embeddable":true,"href":"https:\/\/www.quintadaspalmeiras.pt\/portal1\/wp-json\/wp\/v2\/comments?post=3840"}],"version-history":[{"count":1,"href":"https:\/\/www.quintadaspalmeiras.pt\/portal1\/wp-json\/wp\/v2\/posts\/3840\/revisions"}],"predecessor-version":[{"id":3843,"href":"https:\/\/www.quintadaspalmeiras.pt\/portal1\/wp-json\/wp\/v2\/posts\/3840\/revisions\/3843"}],"wp:featuredmedia":[{"embeddable":true,"href":"https:\/\/www.quintadaspalmeiras.pt\/portal1\/wp-json\/wp\/v2\/media\/3842"}],"wp:attachment":[{"href":"https:\/\/www.quintadaspalmeiras.pt\/portal1\/wp-json\/wp\/v2\/media?parent=3840"}],"wp:term":[{"taxonomy":"category","embeddable":true,"href":"https:\/\/www.quintadaspalmeiras.pt\/portal1\/wp-json\/wp\/v2\/categories?post=3840"},{"taxonomy":"post_tag","embeddable":true,"href":"https:\/\/www.quintadaspalmeiras.pt\/portal1\/wp-json\/wp\/v2\/tags?post=3840"}],"curies":[{"name":"wp","href":"https:\/\/api.w.org\/{rel}","templated":true}]}}