{"id":3831,"date":"2026-03-08T13:09:20","date_gmt":"2026-03-08T13:09:20","guid":{"rendered":"https:\/\/www.quintadaspalmeiras.pt\/portal1\/?p=3831"},"modified":"2026-03-08T13:09:20","modified_gmt":"2026-03-08T13:09:20","slug":"visita-de-estudo-ao-quake-e-torre-do-tombo","status":"publish","type":"post","link":"https:\/\/www.quintadaspalmeiras.pt\/portal1\/2026\/03\/08\/visita-de-estudo-ao-quake-e-torre-do-tombo\/","title":{"rendered":"Visita de Estudo ao Quake e Torre do Tombo"},"content":{"rendered":"<p>No passado dia\u00a025 de fevereiro, as turmas do\u00a011.\u00ba E\u00a0e do\u00a09.\u00ba B\u00a0participaram numa enriquecedora visita de estudo \u00e0 Baixa Pombalina, \u00e0\u00a0Torre do Tombo\u00a0e ao\u00a0Quake. Esta iniciativa proporcionou aos alunos uma perspetiva integrada sobre a hist\u00f3ria, o patrim\u00f3nio e a mem\u00f3ria coletiva da cidade de Lisboa.<br \/>\nA visita \u00e0\u00a0Baixa Pombalina\u00a0permitiu observar in loco um dos mais not\u00e1veis exemplos de reconstru\u00e7\u00e3o urbana na Europa do s\u00e9culo XVIII, concretizado na sequ\u00eancia do terramoto de 1755. Os alunos puderam compreender os princ\u00edpios de racionalidade, organiza\u00e7\u00e3o e modernidade que orientaram o urbanismo pombalino, refletindo os ideais do Iluminismo.<br \/>\nNa Torre do Tombo, Arquivo Nacional de Portugal, os participantes contactaram com a miss\u00e3o e o trabalho desenvolvido na preserva\u00e7\u00e3o e valoriza\u00e7\u00e3o do patrim\u00f3nio documental portugu\u00eas, reconhecendo a sua import\u00e2ncia para a constru\u00e7\u00e3o do conhecimento hist\u00f3rico e para a afirma\u00e7\u00e3o da identidade nacional.<br \/>\nJ\u00e1 no Quake, atrav\u00e9s de uma experi\u00eancia imersiva e interativa, os alunos aprofundaram o seu conhecimento sobre as causas e consequ\u00eancias do terramoto de 1755, bem como sobre os desafios enfrentados na reconstru\u00e7\u00e3o da cidade. A visita promoveu ainda a reflex\u00e3o sobre a import\u00e2ncia da preven\u00e7\u00e3o, da resili\u00eancia e da gest\u00e3o do risco perante cat\u00e1strofes naturais.<br \/>\nA escola agradece ao Dr. Lu\u00eds Santos, Diretor-Geral da\u00a0Dire\u00e7\u00e3o-Geral do Livro, dos Arquivos e das Bibliotecas, pelo convite e pela disponibilidade demonstrada, que muito contribu\u00edram para o sucesso desta atividade.<br \/>\nOs alunos foram acompanhados pelas professoras Anabela Pinto, Isabel Fortuna, In\u00eas Cravino e Ana Reis.<\/p>\n<p>&nbsp;<\/p>\n<div id='gallery-1' class='gallery galleryid-3831 gallery-columns-1 gallery-size-large'><figure class='gallery-item'>\n\t\t\t<div class='gallery-icon landscape'>\n\t\t\t\t<img decoding=\"async\" width=\"1024\" height=\"771\" data-src=\"https:\/\/www.quintadaspalmeiras.pt\/portal1\/wp-content\/uploads\/2026\/03\/IMG20260225142721-1024x771.jpg\" class=\"attachment-large size-large lazyload\" alt=\"\" data-srcset=\"https:\/\/www.quintadaspalmeiras.pt\/portal1\/wp-content\/uploads\/2026\/03\/IMG20260225142721-1024x771.jpg 1024w, https:\/\/www.quintadaspalmeiras.pt\/portal1\/wp-content\/uploads\/2026\/03\/IMG20260225142721-300x226.jpg 300w, https:\/\/www.quintadaspalmeiras.pt\/portal1\/wp-content\/uploads\/2026\/03\/IMG20260225142721-768x578.jpg 768w, https:\/\/www.quintadaspalmeiras.pt\/portal1\/wp-content\/uploads\/2026\/03\/IMG20260225142721-1200x903.jpg 1200w, https:\/\/www.quintadaspalmeiras.pt\/portal1\/wp-content\/uploads\/2026\/03\/IMG20260225142721.jpg 1224w\" data-sizes=\"(max-width: 709px) 85vw, (max-width: 909px) 67vw, (max-width: 1362px) 62vw, 840px\" src=\"data:image\/svg+xml;base64,PHN2ZyB3aWR0aD0iMSIgaGVpZ2h0PSIxIiB4bWxucz0iaHR0cDovL3d3dy53My5vcmcvMjAwMC9zdmciPjwvc3ZnPg==\" style=\"--smush-placeholder-width: 1024px; --smush-placeholder-aspect-ratio: 1024\/771;\" \/>\n\t\t\t<\/div><\/figure><figure class='gallery-item'>\n\t\t\t<div class='gallery-icon landscape'>\n\t\t\t\t<img decoding=\"async\" width=\"1024\" height=\"771\" data-src=\"https:\/\/www.quintadaspalmeiras.pt\/portal1\/wp-content\/uploads\/2026\/03\/IMG20260225110600-1024x771.jpg\" class=\"attachment-large size-large lazyload\" alt=\"\" data-srcset=\"https:\/\/www.quintadaspalmeiras.pt\/portal1\/wp-content\/uploads\/2026\/03\/IMG20260225110600-1024x771.jpg 1024w, https:\/\/www.quintadaspalmeiras.pt\/portal1\/wp-content\/uploads\/2026\/03\/IMG20260225110600-300x226.jpg 300w, https:\/\/www.quintadaspalmeiras.pt\/portal1\/wp-content\/uploads\/2026\/03\/IMG20260225110600-768x578.jpg 768w, https:\/\/www.quintadaspalmeiras.pt\/portal1\/wp-content\/uploads\/2026\/03\/IMG20260225110600-1200x903.jpg 1200w, https:\/\/www.quintadaspalmeiras.pt\/portal1\/wp-content\/uploads\/2026\/03\/IMG20260225110600.jpg 1224w\" data-sizes=\"(max-width: 709px) 85vw, (max-width: 909px) 67vw, (max-width: 1362px) 62vw, 840px\" src=\"data:image\/svg+xml;base64,PHN2ZyB3aWR0aD0iMSIgaGVpZ2h0PSIxIiB4bWxucz0iaHR0cDovL3d3dy53My5vcmcvMjAwMC9zdmciPjwvc3ZnPg==\" style=\"--smush-placeholder-width: 1024px; --smush-placeholder-aspect-ratio: 1024\/771;\" \/>\n\t\t\t<\/div><\/figure><figure class='gallery-item'>\n\t\t\t<div class='gallery-icon landscape'>\n\t\t\t\t<img decoding=\"async\" width=\"1024\" height=\"771\" data-src=\"https:\/\/www.quintadaspalmeiras.pt\/portal1\/wp-content\/uploads\/2026\/03\/IMG20260225114938-1024x771.jpg\" class=\"attachment-large size-large lazyload\" alt=\"\" data-srcset=\"https:\/\/www.quintadaspalmeiras.pt\/portal1\/wp-content\/uploads\/2026\/03\/IMG20260225114938-1024x771.jpg 1024w, https:\/\/www.quintadaspalmeiras.pt\/portal1\/wp-content\/uploads\/2026\/03\/IMG20260225114938-300x226.jpg 300w, https:\/\/www.quintadaspalmeiras.pt\/portal1\/wp-content\/uploads\/2026\/03\/IMG20260225114938-768x578.jpg 768w, https:\/\/www.quintadaspalmeiras.pt\/portal1\/wp-content\/uploads\/2026\/03\/IMG20260225114938-1200x903.jpg 1200w, https:\/\/www.quintadaspalmeiras.pt\/portal1\/wp-content\/uploads\/2026\/03\/IMG20260225114938.jpg 1224w\" data-sizes=\"(max-width: 709px) 85vw, (max-width: 909px) 67vw, (max-width: 1362px) 62vw, 840px\" src=\"data:image\/svg+xml;base64,PHN2ZyB3aWR0aD0iMSIgaGVpZ2h0PSIxIiB4bWxucz0iaHR0cDovL3d3dy53My5vcmcvMjAwMC9zdmciPjwvc3ZnPg==\" style=\"--smush-placeholder-width: 1024px; --smush-placeholder-aspect-ratio: 1024\/771;\" \/>\n\t\t\t<\/div><\/figure><figure class='gallery-item'>\n\t\t\t<div class='gallery-icon landscape'>\n\t\t\t\t<img decoding=\"async\" width=\"1024\" height=\"771\" data-src=\"https:\/\/www.quintadaspalmeiras.pt\/portal1\/wp-content\/uploads\/2026\/03\/IMG20260225114826-1024x771.jpg\" class=\"attachment-large size-large lazyload\" alt=\"\" data-srcset=\"https:\/\/www.quintadaspalmeiras.pt\/portal1\/wp-content\/uploads\/2026\/03\/IMG20260225114826-1024x771.jpg 1024w, https:\/\/www.quintadaspalmeiras.pt\/portal1\/wp-content\/uploads\/2026\/03\/IMG20260225114826-300x226.jpg 300w, https:\/\/www.quintadaspalmeiras.pt\/portal1\/wp-content\/uploads\/2026\/03\/IMG20260225114826-768x578.jpg 768w, https:\/\/www.quintadaspalmeiras.pt\/portal1\/wp-content\/uploads\/2026\/03\/IMG20260225114826-1200x903.jpg 1200w, https:\/\/www.quintadaspalmeiras.pt\/portal1\/wp-content\/uploads\/2026\/03\/IMG20260225114826.jpg 1224w\" data-sizes=\"(max-width: 709px) 85vw, (max-width: 909px) 67vw, (max-width: 1362px) 62vw, 840px\" src=\"data:image\/svg+xml;base64,PHN2ZyB3aWR0aD0iMSIgaGVpZ2h0PSIxIiB4bWxucz0iaHR0cDovL3d3dy53My5vcmcvMjAwMC9zdmciPjwvc3ZnPg==\" style=\"--smush-placeholder-width: 1024px; --smush-placeholder-aspect-ratio: 1024\/771;\" \/>\n\t\t\t<\/div><\/figure><figure class='gallery-item'>\n\t\t\t<div class='gallery-icon landscape'>\n\t\t\t\t<img decoding=\"async\" width=\"1024\" height=\"771\" data-src=\"https:\/\/www.quintadaspalmeiras.pt\/portal1\/wp-content\/uploads\/2026\/03\/IMG20260225104308-1024x771.jpg\" class=\"attachment-large size-large lazyload\" alt=\"\" data-srcset=\"https:\/\/www.quintadaspalmeiras.pt\/portal1\/wp-content\/uploads\/2026\/03\/IMG20260225104308-1024x771.jpg 1024w, https:\/\/www.quintadaspalmeiras.pt\/portal1\/wp-content\/uploads\/2026\/03\/IMG20260225104308-300x226.jpg 300w, https:\/\/www.quintadaspalmeiras.pt\/portal1\/wp-content\/uploads\/2026\/03\/IMG20260225104308-768x578.jpg 768w, https:\/\/www.quintadaspalmeiras.pt\/portal1\/wp-content\/uploads\/2026\/03\/IMG20260225104308-1200x903.jpg 1200w, https:\/\/www.quintadaspalmeiras.pt\/portal1\/wp-content\/uploads\/2026\/03\/IMG20260225104308.jpg 1224w\" data-sizes=\"(max-width: 709px) 85vw, (max-width: 909px) 67vw, (max-width: 1362px) 62vw, 840px\" src=\"data:image\/svg+xml;base64,PHN2ZyB3aWR0aD0iMSIgaGVpZ2h0PSIxIiB4bWxucz0iaHR0cDovL3d3dy53My5vcmcvMjAwMC9zdmciPjwvc3ZnPg==\" style=\"--smush-placeholder-width: 1024px; --smush-placeholder-aspect-ratio: 1024\/771;\" \/>\n\t\t\t<\/div><\/figure><figure class='gallery-item'>\n\t\t\t<div class='gallery-icon landscape'>\n\t\t\t\t<img decoding=\"async\" width=\"1024\" height=\"771\" data-src=\"https:\/\/www.quintadaspalmeiras.pt\/portal1\/wp-content\/uploads\/2026\/03\/IMG20260225114840-1024x771.jpg\" class=\"attachment-large size-large lazyload\" alt=\"\" data-srcset=\"https:\/\/www.quintadaspalmeiras.pt\/portal1\/wp-content\/uploads\/2026\/03\/IMG20260225114840-1024x771.jpg 1024w, https:\/\/www.quintadaspalmeiras.pt\/portal1\/wp-content\/uploads\/2026\/03\/IMG20260225114840-300x226.jpg 300w, https:\/\/www.quintadaspalmeiras.pt\/portal1\/wp-content\/uploads\/2026\/03\/IMG20260225114840-768x578.jpg 768w, https:\/\/www.quintadaspalmeiras.pt\/portal1\/wp-content\/uploads\/2026\/03\/IMG20260225114840-1200x903.jpg 1200w, https:\/\/www.quintadaspalmeiras.pt\/portal1\/wp-content\/uploads\/2026\/03\/IMG20260225114840.jpg 1224w\" data-sizes=\"(max-width: 709px) 85vw, (max-width: 909px) 67vw, (max-width: 1362px) 62vw, 840px\" src=\"data:image\/svg+xml;base64,PHN2ZyB3aWR0aD0iMSIgaGVpZ2h0PSIxIiB4bWxucz0iaHR0cDovL3d3dy53My5vcmcvMjAwMC9zdmciPjwvc3ZnPg==\" style=\"--smush-placeholder-width: 1024px; --smush-placeholder-aspect-ratio: 1024\/771;\" \/>\n\t\t\t<\/div><\/figure>\n\t\t<\/div>\n\n","protected":false},"excerpt":{"rendered":"<p>No passado dia\u00a025 de fevereiro, as turmas do\u00a011.\u00ba E\u00a0e do\u00a09.\u00ba B\u00a0participaram numa enriquecedora visita de estudo \u00e0 Baixa Pombalina, \u00e0\u00a0Torre do Tombo\u00a0e ao\u00a0Quake. Esta iniciativa proporcionou aos alunos uma perspetiva integrada sobre a hist\u00f3ria, o patrim\u00f3nio e a mem\u00f3ria coletiva da cidade de Lisboa. A visita \u00e0\u00a0Baixa Pombalina\u00a0permitiu observar in loco um dos mais not\u00e1veis &hellip; <a href=\"https:\/\/www.quintadaspalmeiras.pt\/portal1\/2026\/03\/08\/visita-de-estudo-ao-quake-e-torre-do-tombo\/\" class=\"more-link\">Continue reading<span class=\"screen-reader-text\"> &#8220;Visita de Estudo ao Quake e Torre do Tombo&#8221;<\/span><\/a><\/p>\n","protected":false},"author":2,"featured_media":3837,"comment_status":"closed","ping_status":"closed","sticky":false,"template":"","format":"standard","meta":{"_angie_page":false,"_crdt_document":"","page_builder":"","footnotes":""},"categories":[1],"tags":[],"class_list":["post-3831","post","type-post","status-publish","format-standard","has-post-thumbnail","hentry","category-sem-categoria"],"_links":{"self":[{"href":"https:\/\/www.quintadaspalmeiras.pt\/portal1\/wp-json\/wp\/v2\/posts\/3831","targetHints":{"allow":["GET"]}}],"collection":[{"href":"https:\/\/www.quintadaspalmeiras.pt\/portal1\/wp-json\/wp\/v2\/posts"}],"about":[{"href":"https:\/\/www.quintadaspalmeiras.pt\/portal1\/wp-json\/wp\/v2\/types\/post"}],"author":[{"embeddable":true,"href":"https:\/\/www.quintadaspalmeiras.pt\/portal1\/wp-json\/wp\/v2\/users\/2"}],"replies":[{"embeddable":true,"href":"https:\/\/www.quintadaspalmeiras.pt\/portal1\/wp-json\/wp\/v2\/comments?post=3831"}],"version-history":[{"count":1,"href":"https:\/\/www.quintadaspalmeiras.pt\/portal1\/wp-json\/wp\/v2\/posts\/3831\/revisions"}],"predecessor-version":[{"id":3839,"href":"https:\/\/www.quintadaspalmeiras.pt\/portal1\/wp-json\/wp\/v2\/posts\/3831\/revisions\/3839"}],"wp:featuredmedia":[{"embeddable":true,"href":"https:\/\/www.quintadaspalmeiras.pt\/portal1\/wp-json\/wp\/v2\/media\/3837"}],"wp:attachment":[{"href":"https:\/\/www.quintadaspalmeiras.pt\/portal1\/wp-json\/wp\/v2\/media?parent=3831"}],"wp:term":[{"taxonomy":"category","embeddable":true,"href":"https:\/\/www.quintadaspalmeiras.pt\/portal1\/wp-json\/wp\/v2\/categories?post=3831"},{"taxonomy":"post_tag","embeddable":true,"href":"https:\/\/www.quintadaspalmeiras.pt\/portal1\/wp-json\/wp\/v2\/tags?post=3831"}],"curies":[{"name":"wp","href":"https:\/\/api.w.org\/{rel}","templated":true}]}}