{"id":3817,"date":"2026-03-08T12:59:12","date_gmt":"2026-03-08T12:59:12","guid":{"rendered":"https:\/\/www.quintadaspalmeiras.pt\/portal1\/?p=3817"},"modified":"2026-03-08T13:00:10","modified_gmt":"2026-03-08T13:00:10","slug":"pna-visita-ao-museu-da-covilha","status":"publish","type":"post","link":"https:\/\/www.quintadaspalmeiras.pt\/portal1\/2026\/03\/08\/pna-visita-ao-museu-da-covilha\/","title":{"rendered":"PNA &#8211; Visita ao Museu da Covilh\u00e3"},"content":{"rendered":"<div>No \u00e2mbito do Plano Nacional das Artes, os alunos da turma 8\u00baB tiveram a oportunidade de visitar, no dia 25 de fevereiro, a exposi\u00e7\u00e3o de Eduardo Malta patente no Museu da Covilh\u00e3.<\/div>\n<div>Ao longo da exposi\u00e7\u00e3o puderam ouvir todas as informa\u00e7\u00f5es dos curadores\u00a0 Ant\u00f3nio Vaz e Paula Vaz sobre parte do esp\u00f3lio do pintor, cabendo a cada aluno um registo fotogr\u00e1fico que ser\u00e1 posteriormente trabalhado na aula de portugu\u00eas lecionada pela professora Maria Fael.<\/div>\n<div>A turma foi acompanhada pela respetiva professora e pelas professoras Carmen Ramos e Irene Ferreira.<\/div>\n<div>No final da exposi\u00e7\u00e3o, os alunos puderam ver o trabalho de Multim\u00e9dia realizado pelo professor Paulo Morais.<\/div>\n<div><\/div>\n<div><\/div>\n<div style=\"text-align: center;\">\n<div id='gallery-1' class='gallery galleryid-3817 gallery-columns-1 gallery-size-large'><figure class='gallery-item'>\n\t\t\t<div class='gallery-icon landscape'>\n\t\t\t\t<img decoding=\"async\" width=\"1024\" height=\"768\" data-src=\"https:\/\/www.quintadaspalmeiras.pt\/portal1\/wp-content\/uploads\/2026\/03\/WhatsApp-Image-2026-02-25-at-17.51.41-1-1024x768.jpeg\" class=\"attachment-large size-large lazyload\" alt=\"\" data-srcset=\"https:\/\/www.quintadaspalmeiras.pt\/portal1\/wp-content\/uploads\/2026\/03\/WhatsApp-Image-2026-02-25-at-17.51.41-1-1024x768.jpeg 1024w, https:\/\/www.quintadaspalmeiras.pt\/portal1\/wp-content\/uploads\/2026\/03\/WhatsApp-Image-2026-02-25-at-17.51.41-1-300x225.jpeg 300w, https:\/\/www.quintadaspalmeiras.pt\/portal1\/wp-content\/uploads\/2026\/03\/WhatsApp-Image-2026-02-25-at-17.51.41-1-768x576.jpeg 768w, https:\/\/www.quintadaspalmeiras.pt\/portal1\/wp-content\/uploads\/2026\/03\/WhatsApp-Image-2026-02-25-at-17.51.41-1-1536x1152.jpeg 1536w, https:\/\/www.quintadaspalmeiras.pt\/portal1\/wp-content\/uploads\/2026\/03\/WhatsApp-Image-2026-02-25-at-17.51.41-1-1200x900.jpeg 1200w, https:\/\/www.quintadaspalmeiras.pt\/portal1\/wp-content\/uploads\/2026\/03\/WhatsApp-Image-2026-02-25-at-17.51.41-1.jpeg 1600w\" data-sizes=\"(max-width: 709px) 85vw, (max-width: 909px) 67vw, (max-width: 1362px) 62vw, 840px\" src=\"data:image\/svg+xml;base64,PHN2ZyB3aWR0aD0iMSIgaGVpZ2h0PSIxIiB4bWxucz0iaHR0cDovL3d3dy53My5vcmcvMjAwMC9zdmciPjwvc3ZnPg==\" style=\"--smush-placeholder-width: 1024px; --smush-placeholder-aspect-ratio: 1024\/768;\" \/>\n\t\t\t<\/div><\/figure><figure class='gallery-item'>\n\t\t\t<div class='gallery-icon landscape'>\n\t\t\t\t<img decoding=\"async\" width=\"1024\" height=\"768\" data-src=\"https:\/\/www.quintadaspalmeiras.pt\/portal1\/wp-content\/uploads\/2026\/03\/WhatsApp-Image-2026-02-25-at-17.51.41-4-1024x768.jpeg\" class=\"attachment-large size-large lazyload\" alt=\"\" data-srcset=\"https:\/\/www.quintadaspalmeiras.pt\/portal1\/wp-content\/uploads\/2026\/03\/WhatsApp-Image-2026-02-25-at-17.51.41-4-1024x768.jpeg 1024w, https:\/\/www.quintadaspalmeiras.pt\/portal1\/wp-content\/uploads\/2026\/03\/WhatsApp-Image-2026-02-25-at-17.51.41-4-300x225.jpeg 300w, https:\/\/www.quintadaspalmeiras.pt\/portal1\/wp-content\/uploads\/2026\/03\/WhatsApp-Image-2026-02-25-at-17.51.41-4-768x576.jpeg 768w, https:\/\/www.quintadaspalmeiras.pt\/portal1\/wp-content\/uploads\/2026\/03\/WhatsApp-Image-2026-02-25-at-17.51.41-4-1536x1152.jpeg 1536w, https:\/\/www.quintadaspalmeiras.pt\/portal1\/wp-content\/uploads\/2026\/03\/WhatsApp-Image-2026-02-25-at-17.51.41-4-1200x900.jpeg 1200w, https:\/\/www.quintadaspalmeiras.pt\/portal1\/wp-content\/uploads\/2026\/03\/WhatsApp-Image-2026-02-25-at-17.51.41-4.jpeg 1600w\" data-sizes=\"(max-width: 709px) 85vw, (max-width: 909px) 67vw, (max-width: 1362px) 62vw, 840px\" src=\"data:image\/svg+xml;base64,PHN2ZyB3aWR0aD0iMSIgaGVpZ2h0PSIxIiB4bWxucz0iaHR0cDovL3d3dy53My5vcmcvMjAwMC9zdmciPjwvc3ZnPg==\" style=\"--smush-placeholder-width: 1024px; --smush-placeholder-aspect-ratio: 1024\/768;\" \/>\n\t\t\t<\/div><\/figure><figure class='gallery-item'>\n\t\t\t<div class='gallery-icon landscape'>\n\t\t\t\t<img decoding=\"async\" width=\"1024\" height=\"768\" data-src=\"https:\/\/www.quintadaspalmeiras.pt\/portal1\/wp-content\/uploads\/2026\/03\/WhatsApp-Image-2026-02-25-at-17.51.43-3-1024x768.jpeg\" class=\"attachment-large size-large lazyload\" alt=\"\" data-srcset=\"https:\/\/www.quintadaspalmeiras.pt\/portal1\/wp-content\/uploads\/2026\/03\/WhatsApp-Image-2026-02-25-at-17.51.43-3-1024x768.jpeg 1024w, https:\/\/www.quintadaspalmeiras.pt\/portal1\/wp-content\/uploads\/2026\/03\/WhatsApp-Image-2026-02-25-at-17.51.43-3-300x225.jpeg 300w, https:\/\/www.quintadaspalmeiras.pt\/portal1\/wp-content\/uploads\/2026\/03\/WhatsApp-Image-2026-02-25-at-17.51.43-3-768x576.jpeg 768w, https:\/\/www.quintadaspalmeiras.pt\/portal1\/wp-content\/uploads\/2026\/03\/WhatsApp-Image-2026-02-25-at-17.51.43-3-1536x1152.jpeg 1536w, https:\/\/www.quintadaspalmeiras.pt\/portal1\/wp-content\/uploads\/2026\/03\/WhatsApp-Image-2026-02-25-at-17.51.43-3-1200x900.jpeg 1200w, https:\/\/www.quintadaspalmeiras.pt\/portal1\/wp-content\/uploads\/2026\/03\/WhatsApp-Image-2026-02-25-at-17.51.43-3.jpeg 1600w\" data-sizes=\"(max-width: 709px) 85vw, (max-width: 909px) 67vw, (max-width: 1362px) 62vw, 840px\" src=\"data:image\/svg+xml;base64,PHN2ZyB3aWR0aD0iMSIgaGVpZ2h0PSIxIiB4bWxucz0iaHR0cDovL3d3dy53My5vcmcvMjAwMC9zdmciPjwvc3ZnPg==\" style=\"--smush-placeholder-width: 1024px; --smush-placeholder-aspect-ratio: 1024\/768;\" \/>\n\t\t\t<\/div><\/figure><figure class='gallery-item'>\n\t\t\t<div class='gallery-icon landscape'>\n\t\t\t\t<img decoding=\"async\" width=\"1024\" height=\"768\" data-src=\"https:\/\/www.quintadaspalmeiras.pt\/portal1\/wp-content\/uploads\/2026\/03\/WhatsApp-Image-2026-02-25-at-17.51.43-1-1024x768.jpeg\" class=\"attachment-large size-large lazyload\" alt=\"\" data-srcset=\"https:\/\/www.quintadaspalmeiras.pt\/portal1\/wp-content\/uploads\/2026\/03\/WhatsApp-Image-2026-02-25-at-17.51.43-1-1024x768.jpeg 1024w, https:\/\/www.quintadaspalmeiras.pt\/portal1\/wp-content\/uploads\/2026\/03\/WhatsApp-Image-2026-02-25-at-17.51.43-1-300x225.jpeg 300w, https:\/\/www.quintadaspalmeiras.pt\/portal1\/wp-content\/uploads\/2026\/03\/WhatsApp-Image-2026-02-25-at-17.51.43-1-768x576.jpeg 768w, https:\/\/www.quintadaspalmeiras.pt\/portal1\/wp-content\/uploads\/2026\/03\/WhatsApp-Image-2026-02-25-at-17.51.43-1-1536x1152.jpeg 1536w, https:\/\/www.quintadaspalmeiras.pt\/portal1\/wp-content\/uploads\/2026\/03\/WhatsApp-Image-2026-02-25-at-17.51.43-1-1200x900.jpeg 1200w, https:\/\/www.quintadaspalmeiras.pt\/portal1\/wp-content\/uploads\/2026\/03\/WhatsApp-Image-2026-02-25-at-17.51.43-1.jpeg 1600w\" data-sizes=\"(max-width: 709px) 85vw, (max-width: 909px) 67vw, (max-width: 1362px) 62vw, 840px\" src=\"data:image\/svg+xml;base64,PHN2ZyB3aWR0aD0iMSIgaGVpZ2h0PSIxIiB4bWxucz0iaHR0cDovL3d3dy53My5vcmcvMjAwMC9zdmciPjwvc3ZnPg==\" style=\"--smush-placeholder-width: 1024px; --smush-placeholder-aspect-ratio: 1024\/768;\" \/>\n\t\t\t<\/div><\/figure><figure class='gallery-item'>\n\t\t\t<div class='gallery-icon landscape'>\n\t\t\t\t<img decoding=\"async\" width=\"1024\" height=\"768\" data-src=\"https:\/\/www.quintadaspalmeiras.pt\/portal1\/wp-content\/uploads\/2026\/03\/WhatsApp-Image-2026-02-25-at-17.51.43-7-1024x768.jpeg\" class=\"attachment-large size-large lazyload\" alt=\"\" data-srcset=\"https:\/\/www.quintadaspalmeiras.pt\/portal1\/wp-content\/uploads\/2026\/03\/WhatsApp-Image-2026-02-25-at-17.51.43-7-1024x768.jpeg 1024w, https:\/\/www.quintadaspalmeiras.pt\/portal1\/wp-content\/uploads\/2026\/03\/WhatsApp-Image-2026-02-25-at-17.51.43-7-300x225.jpeg 300w, https:\/\/www.quintadaspalmeiras.pt\/portal1\/wp-content\/uploads\/2026\/03\/WhatsApp-Image-2026-02-25-at-17.51.43-7-768x576.jpeg 768w, https:\/\/www.quintadaspalmeiras.pt\/portal1\/wp-content\/uploads\/2026\/03\/WhatsApp-Image-2026-02-25-at-17.51.43-7-1536x1152.jpeg 1536w, https:\/\/www.quintadaspalmeiras.pt\/portal1\/wp-content\/uploads\/2026\/03\/WhatsApp-Image-2026-02-25-at-17.51.43-7-1200x900.jpeg 1200w, https:\/\/www.quintadaspalmeiras.pt\/portal1\/wp-content\/uploads\/2026\/03\/WhatsApp-Image-2026-02-25-at-17.51.43-7.jpeg 1600w\" data-sizes=\"(max-width: 709px) 85vw, (max-width: 909px) 67vw, (max-width: 1362px) 62vw, 840px\" src=\"data:image\/svg+xml;base64,PHN2ZyB3aWR0aD0iMSIgaGVpZ2h0PSIxIiB4bWxucz0iaHR0cDovL3d3dy53My5vcmcvMjAwMC9zdmciPjwvc3ZnPg==\" style=\"--smush-placeholder-width: 1024px; --smush-placeholder-aspect-ratio: 1024\/768;\" \/>\n\t\t\t<\/div><\/figure>\n\t\t<\/div>\n\n<\/div>\n<div><\/div>\n","protected":false},"excerpt":{"rendered":"<p>No \u00e2mbito do Plano Nacional das Artes, os alunos da turma 8\u00baB tiveram a oportunidade de visitar, no dia 25 de fevereiro, a exposi\u00e7\u00e3o de Eduardo Malta patente no Museu da Covilh\u00e3. Ao longo da exposi\u00e7\u00e3o puderam ouvir todas as informa\u00e7\u00f5es dos curadores\u00a0 Ant\u00f3nio Vaz e Paula Vaz sobre parte do esp\u00f3lio do pintor, cabendo &hellip; <a href=\"https:\/\/www.quintadaspalmeiras.pt\/portal1\/2026\/03\/08\/pna-visita-ao-museu-da-covilha\/\" class=\"more-link\">Continue reading<span class=\"screen-reader-text\"> &#8220;PNA &#8211; Visita ao Museu da Covilh\u00e3&#8221;<\/span><\/a><\/p>\n","protected":false},"author":2,"featured_media":3827,"comment_status":"closed","ping_status":"closed","sticky":false,"template":"","format":"standard","meta":{"_angie_page":false,"_crdt_document":"","page_builder":"","footnotes":""},"categories":[1],"tags":[],"class_list":["post-3817","post","type-post","status-publish","format-standard","has-post-thumbnail","hentry","category-sem-categoria"],"_links":{"self":[{"href":"https:\/\/www.quintadaspalmeiras.pt\/portal1\/wp-json\/wp\/v2\/posts\/3817","targetHints":{"allow":["GET"]}}],"collection":[{"href":"https:\/\/www.quintadaspalmeiras.pt\/portal1\/wp-json\/wp\/v2\/posts"}],"about":[{"href":"https:\/\/www.quintadaspalmeiras.pt\/portal1\/wp-json\/wp\/v2\/types\/post"}],"author":[{"embeddable":true,"href":"https:\/\/www.quintadaspalmeiras.pt\/portal1\/wp-json\/wp\/v2\/users\/2"}],"replies":[{"embeddable":true,"href":"https:\/\/www.quintadaspalmeiras.pt\/portal1\/wp-json\/wp\/v2\/comments?post=3817"}],"version-history":[{"count":2,"href":"https:\/\/www.quintadaspalmeiras.pt\/portal1\/wp-json\/wp\/v2\/posts\/3817\/revisions"}],"predecessor-version":[{"id":3830,"href":"https:\/\/www.quintadaspalmeiras.pt\/portal1\/wp-json\/wp\/v2\/posts\/3817\/revisions\/3830"}],"wp:featuredmedia":[{"embeddable":true,"href":"https:\/\/www.quintadaspalmeiras.pt\/portal1\/wp-json\/wp\/v2\/media\/3827"}],"wp:attachment":[{"href":"https:\/\/www.quintadaspalmeiras.pt\/portal1\/wp-json\/wp\/v2\/media?parent=3817"}],"wp:term":[{"taxonomy":"category","embeddable":true,"href":"https:\/\/www.quintadaspalmeiras.pt\/portal1\/wp-json\/wp\/v2\/categories?post=3817"},{"taxonomy":"post_tag","embeddable":true,"href":"https:\/\/www.quintadaspalmeiras.pt\/portal1\/wp-json\/wp\/v2\/tags?post=3817"}],"curies":[{"name":"wp","href":"https:\/\/api.w.org\/{rel}","templated":true}]}}