{"id":3754,"date":"2026-02-19T18:03:00","date_gmt":"2026-02-19T18:03:00","guid":{"rendered":"https:\/\/www.quintadaspalmeiras.pt\/portal1\/?p=3754"},"modified":"2026-02-19T18:03:00","modified_gmt":"2026-02-19T18:03:00","slug":"parlamento-dos-jovens-aluna-lua-afonso-do-12ob-eleita-para-a-mesa-da-sessao-distrital","status":"publish","type":"post","link":"https:\/\/www.quintadaspalmeiras.pt\/portal1\/2026\/02\/19\/parlamento-dos-jovens-aluna-lua-afonso-do-12ob-eleita-para-a-mesa-da-sessao-distrital\/","title":{"rendered":"Parlamento dos Jovens &#8211; Aluna Lua Afonso, do 12\u00baB, eleita para a Mesa da Sess\u00e3o Distrital"},"content":{"rendered":"<p>No \u00e2mbito do projeto nacional &#8220;Parlamento\u00a0dos\u00a0Jovens&#8221;\u00a0decorreu, no dia 11 de\u00a0Fevereiro, no IPDJ de Castelo Branco, a reuni\u00e3o para a elei\u00e7\u00e3o dos alunos candidatos \u00e0 Mesa da Sess\u00e3o Distrital.<\/p>\n<p>A nossa aluna Lua Afonso do 12\u00baB, foi eleita como Secret\u00e1ria da Mesa da Sess\u00e3o Distrital do &#8220;Parlamento dos Jovens&#8221;, que ir\u00e1 decorrer no dia 16 de mar\u00e7o, no Audit\u00f3rio do IPDJ de Castelo Branco.<\/p>\n<p>Muitos parab\u00e9ns Lua!<\/p>\n","protected":false},"excerpt":{"rendered":"<p>No \u00e2mbito do projeto nacional &#8220;Parlamento\u00a0dos\u00a0Jovens&#8221;\u00a0decorreu, no dia 11 de\u00a0Fevereiro, no IPDJ de Castelo Branco, a reuni\u00e3o para a elei\u00e7\u00e3o dos alunos candidatos \u00e0 Mesa da Sess\u00e3o Distrital. A nossa aluna Lua Afonso do 12\u00baB, foi eleita como Secret\u00e1ria da Mesa da Sess\u00e3o Distrital do &#8220;Parlamento dos Jovens&#8221;, que ir\u00e1 decorrer no dia 16 de &hellip; <a href=\"https:\/\/www.quintadaspalmeiras.pt\/portal1\/2026\/02\/19\/parlamento-dos-jovens-aluna-lua-afonso-do-12ob-eleita-para-a-mesa-da-sessao-distrital\/\" class=\"more-link\">Continue reading<span class=\"screen-reader-text\"> &#8220;Parlamento dos Jovens &#8211; Aluna Lua Afonso, do 12\u00baB, eleita para a Mesa da Sess\u00e3o Distrital&#8221;<\/span><\/a><\/p>\n","protected":false},"author":2,"featured_media":3755,"comment_status":"closed","ping_status":"closed","sticky":false,"template":"","format":"standard","meta":{"_angie_page":false,"_crdt_document":"","page_builder":"","footnotes":""},"categories":[1],"tags":[],"class_list":["post-3754","post","type-post","status-publish","format-standard","has-post-thumbnail","hentry","category-sem-categoria"],"_links":{"self":[{"href":"https:\/\/www.quintadaspalmeiras.pt\/portal1\/wp-json\/wp\/v2\/posts\/3754","targetHints":{"allow":["GET"]}}],"collection":[{"href":"https:\/\/www.quintadaspalmeiras.pt\/portal1\/wp-json\/wp\/v2\/posts"}],"about":[{"href":"https:\/\/www.quintadaspalmeiras.pt\/portal1\/wp-json\/wp\/v2\/types\/post"}],"author":[{"embeddable":true,"href":"https:\/\/www.quintadaspalmeiras.pt\/portal1\/wp-json\/wp\/v2\/users\/2"}],"replies":[{"embeddable":true,"href":"https:\/\/www.quintadaspalmeiras.pt\/portal1\/wp-json\/wp\/v2\/comments?post=3754"}],"version-history":[{"count":1,"href":"https:\/\/www.quintadaspalmeiras.pt\/portal1\/wp-json\/wp\/v2\/posts\/3754\/revisions"}],"predecessor-version":[{"id":3757,"href":"https:\/\/www.quintadaspalmeiras.pt\/portal1\/wp-json\/wp\/v2\/posts\/3754\/revisions\/3757"}],"wp:featuredmedia":[{"embeddable":true,"href":"https:\/\/www.quintadaspalmeiras.pt\/portal1\/wp-json\/wp\/v2\/media\/3755"}],"wp:attachment":[{"href":"https:\/\/www.quintadaspalmeiras.pt\/portal1\/wp-json\/wp\/v2\/media?parent=3754"}],"wp:term":[{"taxonomy":"category","embeddable":true,"href":"https:\/\/www.quintadaspalmeiras.pt\/portal1\/wp-json\/wp\/v2\/categories?post=3754"},{"taxonomy":"post_tag","embeddable":true,"href":"https:\/\/www.quintadaspalmeiras.pt\/portal1\/wp-json\/wp\/v2\/tags?post=3754"}],"curies":[{"name":"wp","href":"https:\/\/api.w.org\/{rel}","templated":true}]}}