{"id":3737,"date":"2026-02-13T10:31:17","date_gmt":"2026-02-13T10:31:17","guid":{"rendered":"https:\/\/www.quintadaspalmeiras.pt\/portal1\/?p=3737"},"modified":"2026-02-13T10:31:17","modified_gmt":"2026-02-13T10:31:17","slug":"sessao-educacao-inclusiva","status":"publish","type":"post","link":"https:\/\/www.quintadaspalmeiras.pt\/portal1\/2026\/02\/13\/sessao-educacao-inclusiva\/","title":{"rendered":"Sess\u00e3o Educa\u00e7\u00e3o Inclusiva"},"content":{"rendered":"<div>No dia 11 de fevereiro foi realizada uma sess\u00e3o sobre \u00abEduca\u00e7\u00e3o Inclusiva\u00bb, destinada aos estagi\u00e1rios de todos os N\u00facleos de Est\u00e1gio da Escola Secund\u00e1ria Quinta das Palmeiras. A sess\u00e3o teve como palestrantes o Subdiretor da ESQP, Dr. Jo\u00e3o Paulo Mineiro, a Coordenadora da EMAEI, Dra. C\u00e9lia Prata, e a Psic\u00f3loga Escolar, Dra. Isabel Bessa, que exploraram o tema de forma din\u00e2mica e interventiva.<\/div>\n<div>Esta\u00a0sess\u00e3o foi de elevada import\u00e2ncia para os estagi\u00e1rios da ESQP.<\/div>\n","protected":false},"excerpt":{"rendered":"<p>No dia 11 de fevereiro foi realizada uma sess\u00e3o sobre \u00abEduca\u00e7\u00e3o Inclusiva\u00bb, destinada aos estagi\u00e1rios de todos os N\u00facleos de Est\u00e1gio da Escola Secund\u00e1ria Quinta das Palmeiras. A sess\u00e3o teve como palestrantes o Subdiretor da ESQP, Dr. Jo\u00e3o Paulo Mineiro, a Coordenadora da EMAEI, Dra. C\u00e9lia Prata, e a Psic\u00f3loga Escolar, Dra. Isabel Bessa, que &hellip; <a href=\"https:\/\/www.quintadaspalmeiras.pt\/portal1\/2026\/02\/13\/sessao-educacao-inclusiva\/\" class=\"more-link\">Continue reading<span class=\"screen-reader-text\"> &#8220;Sess\u00e3o Educa\u00e7\u00e3o Inclusiva&#8221;<\/span><\/a><\/p>\n","protected":false},"author":2,"featured_media":3738,"comment_status":"closed","ping_status":"closed","sticky":false,"template":"","format":"standard","meta":{"_angie_page":false,"_crdt_document":"","page_builder":"","footnotes":""},"categories":[1],"tags":[],"class_list":["post-3737","post","type-post","status-publish","format-standard","has-post-thumbnail","hentry","category-sem-categoria"],"_links":{"self":[{"href":"https:\/\/www.quintadaspalmeiras.pt\/portal1\/wp-json\/wp\/v2\/posts\/3737","targetHints":{"allow":["GET"]}}],"collection":[{"href":"https:\/\/www.quintadaspalmeiras.pt\/portal1\/wp-json\/wp\/v2\/posts"}],"about":[{"href":"https:\/\/www.quintadaspalmeiras.pt\/portal1\/wp-json\/wp\/v2\/types\/post"}],"author":[{"embeddable":true,"href":"https:\/\/www.quintadaspalmeiras.pt\/portal1\/wp-json\/wp\/v2\/users\/2"}],"replies":[{"embeddable":true,"href":"https:\/\/www.quintadaspalmeiras.pt\/portal1\/wp-json\/wp\/v2\/comments?post=3737"}],"version-history":[{"count":1,"href":"https:\/\/www.quintadaspalmeiras.pt\/portal1\/wp-json\/wp\/v2\/posts\/3737\/revisions"}],"predecessor-version":[{"id":3740,"href":"https:\/\/www.quintadaspalmeiras.pt\/portal1\/wp-json\/wp\/v2\/posts\/3737\/revisions\/3740"}],"wp:featuredmedia":[{"embeddable":true,"href":"https:\/\/www.quintadaspalmeiras.pt\/portal1\/wp-json\/wp\/v2\/media\/3738"}],"wp:attachment":[{"href":"https:\/\/www.quintadaspalmeiras.pt\/portal1\/wp-json\/wp\/v2\/media?parent=3737"}],"wp:term":[{"taxonomy":"category","embeddable":true,"href":"https:\/\/www.quintadaspalmeiras.pt\/portal1\/wp-json\/wp\/v2\/categories?post=3737"},{"taxonomy":"post_tag","embeddable":true,"href":"https:\/\/www.quintadaspalmeiras.pt\/portal1\/wp-json\/wp\/v2\/tags?post=3737"}],"curies":[{"name":"wp","href":"https:\/\/api.w.org\/{rel}","templated":true}]}}