{"id":3731,"date":"2026-02-12T10:19:14","date_gmt":"2026-02-12T10:19:14","guid":{"rendered":"https:\/\/www.quintadaspalmeiras.pt\/portal1\/?p=3731"},"modified":"2026-02-12T10:20:39","modified_gmt":"2026-02-12T10:20:39","slug":"atividade-cell-wars-o-cancro-e-a-biologia-por-tras-da-batalha","status":"publish","type":"post","link":"https:\/\/www.quintadaspalmeiras.pt\/portal1\/2026\/02\/12\/atividade-cell-wars-o-cancro-e-a-biologia-por-tras-da-batalha\/","title":{"rendered":"Atividade \u201cCell Wars: o Cancro e a Biologia por Tr\u00e1s da Batalha\u201d"},"content":{"rendered":"<div>O N\u00facleo de Est\u00e1gio de Educa\u00e7\u00e3o F\u00edsica convida toda a comunidade escolar a participar na atividade \u201cCell Wars: o Cancro e a Biologia por Tr\u00e1s da Batalha\u201d, que se realizar\u00e1 no dia 23 de fevereiro de 2026, no audit\u00f3rio do CTE e no pavilh\u00e3o Gimnodesportivo, entre as 8h30 e as 13h10.<\/div>\n<div>A atividade decorrer\u00e1 ao longo da manh\u00e3 em tr\u00eas sess\u00f5es de 90 minutos.<\/div>\n<div>Esta iniciativa pretende aprofundar o conhecimento sobre o cancro numa perspetiva cient\u00edfica, explorando a gen\u00e9tica das c\u00e9lulas cancer\u00edgenas, os mecanismos de defesa do organismo, os fatores de risco e os mais recentes avan\u00e7os na investiga\u00e7\u00e3o.<\/div>\n<div>Atrav\u00e9s de apresenta\u00e7\u00f5es din\u00e2micas e atividades educativas, ser\u00e1 promovido um espa\u00e7o de aprendizagem, sensibiliza\u00e7\u00e3o e reflex\u00e3o sobre a import\u00e2ncia da sa\u00fade e da ci\u00eancia.<\/div>\n<div>Junta-te a n\u00f3s neste momento de partilha e enriquecimento!<\/div>\n<div><\/div>\n<div style=\"text-align: center;\"><a href=\"https:\/\/www.quintadaspalmeiras.pt\/portal1\/wp-content\/uploads\/2026\/02\/Cell-Wars.pdf-2.pdf\" class=\"pdfemb-viewer\" style=\"\" data-width=\"max\" data-height=\"max\" data-toolbar=\"bottom\" data-toolbar-fixed=\"off\">Cell Wars.pdf 2<\/a><\/div>\n","protected":false},"excerpt":{"rendered":"<p>O N\u00facleo de Est\u00e1gio de Educa\u00e7\u00e3o F\u00edsica convida toda a comunidade escolar a participar na atividade \u201cCell Wars: o Cancro e a Biologia por Tr\u00e1s da Batalha\u201d, que se realizar\u00e1 no dia 23 de fevereiro de 2026, no audit\u00f3rio do CTE e no pavilh\u00e3o Gimnodesportivo, entre as 8h30 e as 13h10. A atividade decorrer\u00e1 ao &hellip; <a href=\"https:\/\/www.quintadaspalmeiras.pt\/portal1\/2026\/02\/12\/atividade-cell-wars-o-cancro-e-a-biologia-por-tras-da-batalha\/\" class=\"more-link\">Continue reading<span class=\"screen-reader-text\"> &#8220;Atividade \u201cCell Wars: o Cancro e a Biologia por Tr\u00e1s da Batalha\u201d&#8221;<\/span><\/a><\/p>\n","protected":false},"author":2,"featured_media":3733,"comment_status":"closed","ping_status":"closed","sticky":false,"template":"","format":"standard","meta":{"_angie_page":false,"_crdt_document":"","page_builder":"","footnotes":""},"categories":[1],"tags":[],"class_list":["post-3731","post","type-post","status-publish","format-standard","has-post-thumbnail","hentry","category-sem-categoria"],"_links":{"self":[{"href":"https:\/\/www.quintadaspalmeiras.pt\/portal1\/wp-json\/wp\/v2\/posts\/3731","targetHints":{"allow":["GET"]}}],"collection":[{"href":"https:\/\/www.quintadaspalmeiras.pt\/portal1\/wp-json\/wp\/v2\/posts"}],"about":[{"href":"https:\/\/www.quintadaspalmeiras.pt\/portal1\/wp-json\/wp\/v2\/types\/post"}],"author":[{"embeddable":true,"href":"https:\/\/www.quintadaspalmeiras.pt\/portal1\/wp-json\/wp\/v2\/users\/2"}],"replies":[{"embeddable":true,"href":"https:\/\/www.quintadaspalmeiras.pt\/portal1\/wp-json\/wp\/v2\/comments?post=3731"}],"version-history":[{"count":2,"href":"https:\/\/www.quintadaspalmeiras.pt\/portal1\/wp-json\/wp\/v2\/posts\/3731\/revisions"}],"predecessor-version":[{"id":3736,"href":"https:\/\/www.quintadaspalmeiras.pt\/portal1\/wp-json\/wp\/v2\/posts\/3731\/revisions\/3736"}],"wp:featuredmedia":[{"embeddable":true,"href":"https:\/\/www.quintadaspalmeiras.pt\/portal1\/wp-json\/wp\/v2\/media\/3733"}],"wp:attachment":[{"href":"https:\/\/www.quintadaspalmeiras.pt\/portal1\/wp-json\/wp\/v2\/media?parent=3731"}],"wp:term":[{"taxonomy":"category","embeddable":true,"href":"https:\/\/www.quintadaspalmeiras.pt\/portal1\/wp-json\/wp\/v2\/categories?post=3731"},{"taxonomy":"post_tag","embeddable":true,"href":"https:\/\/www.quintadaspalmeiras.pt\/portal1\/wp-json\/wp\/v2\/tags?post=3731"}],"curies":[{"name":"wp","href":"https:\/\/api.w.org\/{rel}","templated":true}]}}