{"id":3715,"date":"2026-02-03T11:38:29","date_gmt":"2026-02-03T11:38:29","guid":{"rendered":"https:\/\/www.quintadaspalmeiras.pt\/portal1\/?p=3715"},"modified":"2026-02-03T12:10:53","modified_gmt":"2026-02-03T12:10:53","slug":"badminton-juvenis-1a-competicao-distrital","status":"publish","type":"post","link":"https:\/\/www.quintadaspalmeiras.pt\/portal1\/2026\/02\/03\/badminton-juvenis-1a-competicao-distrital\/","title":{"rendered":"Badminton Juvenis &#8211; 1\u00aa Competi\u00e7\u00e3o Distrital"},"content":{"rendered":"<p>O grupo equipa de badminton Juvenis participou na 1\u00aa competi\u00e7\u00e3o distrital. A prova decorreu na escola secund\u00e1ria frei Heitor Pinto . Destaque para o excelente desempenho e comportamento dos nossos alunos. A todos muitos parab\u00e9ns!<\/p>\n<p style=\"text-align: center;\"><img decoding=\"async\" class=\"alignnone wp-image-3717 lazyload\" data-src=\"https:\/\/www.quintadaspalmeiras.pt\/portal1\/wp-content\/uploads\/2026\/02\/IMG_6257-1-300x225.jpeg\" alt=\"\" width=\"708\" height=\"531\" data-srcset=\"https:\/\/www.quintadaspalmeiras.pt\/portal1\/wp-content\/uploads\/2026\/02\/IMG_6257-1-300x225.jpeg 300w, https:\/\/www.quintadaspalmeiras.pt\/portal1\/wp-content\/uploads\/2026\/02\/IMG_6257-1-1024x768.jpeg 1024w, https:\/\/www.quintadaspalmeiras.pt\/portal1\/wp-content\/uploads\/2026\/02\/IMG_6257-1-768x576.jpeg 768w, https:\/\/www.quintadaspalmeiras.pt\/portal1\/wp-content\/uploads\/2026\/02\/IMG_6257-1-1536x1152.jpeg 1536w, https:\/\/www.quintadaspalmeiras.pt\/portal1\/wp-content\/uploads\/2026\/02\/IMG_6257-1-1200x900.jpeg 1200w, https:\/\/www.quintadaspalmeiras.pt\/portal1\/wp-content\/uploads\/2026\/02\/IMG_6257-1.jpeg 1713w\" data-sizes=\"(max-width: 709px) 85vw, (max-width: 909px) 67vw, (max-width: 984px) 61vw, (max-width: 1362px) 45vw, 600px\" src=\"data:image\/svg+xml;base64,PHN2ZyB3aWR0aD0iMSIgaGVpZ2h0PSIxIiB4bWxucz0iaHR0cDovL3d3dy53My5vcmcvMjAwMC9zdmciPjwvc3ZnPg==\" style=\"--smush-placeholder-width: 708px; --smush-placeholder-aspect-ratio: 708\/531;\" \/><\/p>\n<p style=\"text-align: center;\"><img decoding=\"async\" class=\"alignnone wp-image-3718 lazyload\" data-src=\"https:\/\/www.quintadaspalmeiras.pt\/portal1\/wp-content\/uploads\/2026\/02\/IMG_6253-300x225.jpeg\" alt=\"\" width=\"708\" height=\"531\" data-srcset=\"https:\/\/www.quintadaspalmeiras.pt\/portal1\/wp-content\/uploads\/2026\/02\/IMG_6253-300x225.jpeg 300w, https:\/\/www.quintadaspalmeiras.pt\/portal1\/wp-content\/uploads\/2026\/02\/IMG_6253-1024x768.jpeg 1024w, https:\/\/www.quintadaspalmeiras.pt\/portal1\/wp-content\/uploads\/2026\/02\/IMG_6253-768x576.jpeg 768w, https:\/\/www.quintadaspalmeiras.pt\/portal1\/wp-content\/uploads\/2026\/02\/IMG_6253-1536x1152.jpeg 1536w, https:\/\/www.quintadaspalmeiras.pt\/portal1\/wp-content\/uploads\/2026\/02\/IMG_6253-1200x900.jpeg 1200w, https:\/\/www.quintadaspalmeiras.pt\/portal1\/wp-content\/uploads\/2026\/02\/IMG_6253.jpeg 1713w\" data-sizes=\"(max-width: 709px) 85vw, (max-width: 909px) 67vw, (max-width: 984px) 61vw, (max-width: 1362px) 45vw, 600px\" src=\"data:image\/svg+xml;base64,PHN2ZyB3aWR0aD0iMSIgaGVpZ2h0PSIxIiB4bWxucz0iaHR0cDovL3d3dy53My5vcmcvMjAwMC9zdmciPjwvc3ZnPg==\" style=\"--smush-placeholder-width: 708px; --smush-placeholder-aspect-ratio: 708\/531;\" \/><\/p>\n","protected":false},"excerpt":{"rendered":"<p>O grupo equipa de badminton Juvenis participou na 1\u00aa competi\u00e7\u00e3o distrital. A prova decorreu na escola secund\u00e1ria frei Heitor Pinto . Destaque para o excelente desempenho e comportamento dos nossos alunos. A todos muitos parab\u00e9ns!<\/p>\n","protected":false},"author":2,"featured_media":3716,"comment_status":"closed","ping_status":"closed","sticky":false,"template":"","format":"standard","meta":{"_angie_page":false,"_crdt_document":"","page_builder":"","footnotes":""},"categories":[1],"tags":[],"class_list":["post-3715","post","type-post","status-publish","format-standard","has-post-thumbnail","hentry","category-sem-categoria"],"_links":{"self":[{"href":"https:\/\/www.quintadaspalmeiras.pt\/portal1\/wp-json\/wp\/v2\/posts\/3715","targetHints":{"allow":["GET"]}}],"collection":[{"href":"https:\/\/www.quintadaspalmeiras.pt\/portal1\/wp-json\/wp\/v2\/posts"}],"about":[{"href":"https:\/\/www.quintadaspalmeiras.pt\/portal1\/wp-json\/wp\/v2\/types\/post"}],"author":[{"embeddable":true,"href":"https:\/\/www.quintadaspalmeiras.pt\/portal1\/wp-json\/wp\/v2\/users\/2"}],"replies":[{"embeddable":true,"href":"https:\/\/www.quintadaspalmeiras.pt\/portal1\/wp-json\/wp\/v2\/comments?post=3715"}],"version-history":[{"count":5,"href":"https:\/\/www.quintadaspalmeiras.pt\/portal1\/wp-json\/wp\/v2\/posts\/3715\/revisions"}],"predecessor-version":[{"id":3727,"href":"https:\/\/www.quintadaspalmeiras.pt\/portal1\/wp-json\/wp\/v2\/posts\/3715\/revisions\/3727"}],"wp:featuredmedia":[{"embeddable":true,"href":"https:\/\/www.quintadaspalmeiras.pt\/portal1\/wp-json\/wp\/v2\/media\/3716"}],"wp:attachment":[{"href":"https:\/\/www.quintadaspalmeiras.pt\/portal1\/wp-json\/wp\/v2\/media?parent=3715"}],"wp:term":[{"taxonomy":"category","embeddable":true,"href":"https:\/\/www.quintadaspalmeiras.pt\/portal1\/wp-json\/wp\/v2\/categories?post=3715"},{"taxonomy":"post_tag","embeddable":true,"href":"https:\/\/www.quintadaspalmeiras.pt\/portal1\/wp-json\/wp\/v2\/tags?post=3715"}],"curies":[{"name":"wp","href":"https:\/\/api.w.org\/{rel}","templated":true}]}}