{"id":3679,"date":"2026-01-26T15:15:34","date_gmt":"2026-01-26T15:15:34","guid":{"rendered":"https:\/\/www.quintadaspalmeiras.pt\/portal1\/?p=3679"},"modified":"2026-01-26T15:20:42","modified_gmt":"2026-01-26T15:20:42","slug":"parlamento-dos-jovens-eleicoes-e-sessao-escolar","status":"publish","type":"post","link":"https:\/\/www.quintadaspalmeiras.pt\/portal1\/2026\/01\/26\/parlamento-dos-jovens-eleicoes-e-sessao-escolar\/","title":{"rendered":"Parlamento dos Jovens &#8211; Elei\u00e7\u00f5es e Sess\u00e3o Escolar"},"content":{"rendered":"<p style=\"font-weight: 400;\">No \u00e2mbito do projeto nacional &#8220;Parlamento\u00a0dos\u00a0Jovens&#8221;, este ano dedicado \u00e0 tem\u00e1tica &#8220;Literacia Financeira: Os Jovens Contam!&#8221;, os alunos das tr\u00eas listas constitu\u00eddas (lista L, lista D e lista F), divulgaram as suas medidas junto dos alunos das diferentes turmas do ensino secund\u00e1rio nos dias 8 e 9 de janeiro. No dia 13 de janeiro, decorreram as elei\u00e7\u00f5es com vista ao apuramento dos 23 deputados que iriam estar presentes na sess\u00e3o escolar. Assim, votaram nas tr\u00eas listas constitu\u00eddas, 403 alunos do ensino secund\u00e1rio. Dos votos apurados, 229 alunos votaram na lista L, 72 alunos votaram na lista D, 68 alunos votaram na lista F, 14 votos foram considerados nulos e 20 alunos votaram em branco.<\/p>\n<p style=\"font-weight: 400;\">No dia 14 de janeiro, decorreu a sess\u00e3o escolar que contou com a participa\u00e7\u00e3o ativa e entusi\u00e1stica dos 23 deputados no debate das medidas apresentadas. Da sess\u00e3o escolar, resultou a escolha dos alunos Jos\u00e9 Ricardo do 12.\u00baE, Lara Pinto do 12\u00baE e Vict\u00f3ria Morais do 11\u00baE, para representarem a nossa escola na\u00a0Sess\u00e3o Distrital que ser\u00e1 realizada a 16 de mar\u00e7o, no IPDJ de Castelo Branco. A\u00a0aluna Lua Afonso do 12\u00baB, foi eleita como\u00a0candidata da escola \u00e0 Mesa da Sess\u00e3o Distrital\/Regional.<\/p>\n<div id='gallery-1' class='gallery galleryid-3679 gallery-columns-1 gallery-size-large'><figure class='gallery-item'>\n\t\t\t<div class='gallery-icon landscape'>\n\t\t\t\t<img decoding=\"async\" width=\"1024\" height=\"768\" data-src=\"https:\/\/www.quintadaspalmeiras.pt\/portal1\/wp-content\/uploads\/2026\/01\/Imagem-2-1024x768.jpg\" class=\"attachment-large size-large lazyload\" alt=\"\" data-srcset=\"https:\/\/www.quintadaspalmeiras.pt\/portal1\/wp-content\/uploads\/2026\/01\/Imagem-2-1024x768.jpg 1024w, https:\/\/www.quintadaspalmeiras.pt\/portal1\/wp-content\/uploads\/2026\/01\/Imagem-2-300x225.jpg 300w, https:\/\/www.quintadaspalmeiras.pt\/portal1\/wp-content\/uploads\/2026\/01\/Imagem-2-768x576.jpg 768w, https:\/\/www.quintadaspalmeiras.pt\/portal1\/wp-content\/uploads\/2026\/01\/Imagem-2-1536x1152.jpg 1536w, https:\/\/www.quintadaspalmeiras.pt\/portal1\/wp-content\/uploads\/2026\/01\/Imagem-2-1200x900.jpg 1200w, https:\/\/www.quintadaspalmeiras.pt\/portal1\/wp-content\/uploads\/2026\/01\/Imagem-2.jpg 1600w\" data-sizes=\"(max-width: 709px) 85vw, (max-width: 909px) 67vw, (max-width: 1362px) 62vw, 840px\" src=\"data:image\/svg+xml;base64,PHN2ZyB3aWR0aD0iMSIgaGVpZ2h0PSIxIiB4bWxucz0iaHR0cDovL3d3dy53My5vcmcvMjAwMC9zdmciPjwvc3ZnPg==\" style=\"--smush-placeholder-width: 1024px; --smush-placeholder-aspect-ratio: 1024\/768;\" \/>\n\t\t\t<\/div><\/figure><figure class='gallery-item'>\n\t\t\t<div class='gallery-icon portrait'>\n\t\t\t\t<img decoding=\"async\" width=\"768\" height=\"1024\" data-src=\"https:\/\/www.quintadaspalmeiras.pt\/portal1\/wp-content\/uploads\/2026\/01\/Imagem-3-768x1024.jpg\" class=\"attachment-large size-large lazyload\" alt=\"\" data-srcset=\"https:\/\/www.quintadaspalmeiras.pt\/portal1\/wp-content\/uploads\/2026\/01\/Imagem-3-768x1024.jpg 768w, https:\/\/www.quintadaspalmeiras.pt\/portal1\/wp-content\/uploads\/2026\/01\/Imagem-3-225x300.jpg 225w, https:\/\/www.quintadaspalmeiras.pt\/portal1\/wp-content\/uploads\/2026\/01\/Imagem-3.jpg 918w\" data-sizes=\"(max-width: 709px) 85vw, (max-width: 909px) 67vw, (max-width: 984px) 61vw, (max-width: 1362px) 45vw, 600px\" src=\"data:image\/svg+xml;base64,PHN2ZyB3aWR0aD0iMSIgaGVpZ2h0PSIxIiB4bWxucz0iaHR0cDovL3d3dy53My5vcmcvMjAwMC9zdmciPjwvc3ZnPg==\" style=\"--smush-placeholder-width: 768px; --smush-placeholder-aspect-ratio: 768\/1024;\" \/>\n\t\t\t<\/div><\/figure><figure class='gallery-item'>\n\t\t\t<div class='gallery-icon landscape'>\n\t\t\t\t<img decoding=\"async\" width=\"1024\" height=\"768\" data-src=\"https:\/\/www.quintadaspalmeiras.pt\/portal1\/wp-content\/uploads\/2026\/01\/Imagem-4-1024x768.jpg\" class=\"attachment-large size-large lazyload\" alt=\"\" data-srcset=\"https:\/\/www.quintadaspalmeiras.pt\/portal1\/wp-content\/uploads\/2026\/01\/Imagem-4-1024x768.jpg 1024w, https:\/\/www.quintadaspalmeiras.pt\/portal1\/wp-content\/uploads\/2026\/01\/Imagem-4-300x225.jpg 300w, https:\/\/www.quintadaspalmeiras.pt\/portal1\/wp-content\/uploads\/2026\/01\/Imagem-4-768x576.jpg 768w, https:\/\/www.quintadaspalmeiras.pt\/portal1\/wp-content\/uploads\/2026\/01\/Imagem-4-1536x1152.jpg 1536w, https:\/\/www.quintadaspalmeiras.pt\/portal1\/wp-content\/uploads\/2026\/01\/Imagem-4-1200x900.jpg 1200w, https:\/\/www.quintadaspalmeiras.pt\/portal1\/wp-content\/uploads\/2026\/01\/Imagem-4.jpg 1600w\" data-sizes=\"(max-width: 709px) 85vw, (max-width: 909px) 67vw, (max-width: 1362px) 62vw, 840px\" src=\"data:image\/svg+xml;base64,PHN2ZyB3aWR0aD0iMSIgaGVpZ2h0PSIxIiB4bWxucz0iaHR0cDovL3d3dy53My5vcmcvMjAwMC9zdmciPjwvc3ZnPg==\" style=\"--smush-placeholder-width: 1024px; --smush-placeholder-aspect-ratio: 1024\/768;\" \/>\n\t\t\t<\/div><\/figure><figure class='gallery-item'>\n\t\t\t<div class='gallery-icon portrait'>\n\t\t\t\t<img decoding=\"async\" width=\"768\" height=\"1024\" data-src=\"https:\/\/www.quintadaspalmeiras.pt\/portal1\/wp-content\/uploads\/2026\/01\/Imagem-5-768x1024.jpg\" class=\"attachment-large size-large lazyload\" alt=\"\" data-srcset=\"https:\/\/www.quintadaspalmeiras.pt\/portal1\/wp-content\/uploads\/2026\/01\/Imagem-5-768x1024.jpg 768w, https:\/\/www.quintadaspalmeiras.pt\/portal1\/wp-content\/uploads\/2026\/01\/Imagem-5-225x300.jpg 225w, https:\/\/www.quintadaspalmeiras.pt\/portal1\/wp-content\/uploads\/2026\/01\/Imagem-5.jpg 918w\" data-sizes=\"(max-width: 709px) 85vw, (max-width: 909px) 67vw, (max-width: 984px) 61vw, (max-width: 1362px) 45vw, 600px\" src=\"data:image\/svg+xml;base64,PHN2ZyB3aWR0aD0iMSIgaGVpZ2h0PSIxIiB4bWxucz0iaHR0cDovL3d3dy53My5vcmcvMjAwMC9zdmciPjwvc3ZnPg==\" style=\"--smush-placeholder-width: 768px; --smush-placeholder-aspect-ratio: 768\/1024;\" \/>\n\t\t\t<\/div><\/figure><figure class='gallery-item'>\n\t\t\t<div class='gallery-icon landscape'>\n\t\t\t\t<img decoding=\"async\" width=\"1024\" height=\"768\" data-src=\"https:\/\/www.quintadaspalmeiras.pt\/portal1\/wp-content\/uploads\/2026\/01\/Imagem-6-1024x768.jpg\" class=\"attachment-large size-large lazyload\" alt=\"\" data-srcset=\"https:\/\/www.quintadaspalmeiras.pt\/portal1\/wp-content\/uploads\/2026\/01\/Imagem-6-1024x768.jpg 1024w, https:\/\/www.quintadaspalmeiras.pt\/portal1\/wp-content\/uploads\/2026\/01\/Imagem-6-300x225.jpg 300w, https:\/\/www.quintadaspalmeiras.pt\/portal1\/wp-content\/uploads\/2026\/01\/Imagem-6-768x576.jpg 768w, https:\/\/www.quintadaspalmeiras.pt\/portal1\/wp-content\/uploads\/2026\/01\/Imagem-6-1536x1152.jpg 1536w, https:\/\/www.quintadaspalmeiras.pt\/portal1\/wp-content\/uploads\/2026\/01\/Imagem-6-1200x900.jpg 1200w, https:\/\/www.quintadaspalmeiras.pt\/portal1\/wp-content\/uploads\/2026\/01\/Imagem-6.jpg 1600w\" data-sizes=\"(max-width: 709px) 85vw, (max-width: 909px) 67vw, (max-width: 1362px) 62vw, 840px\" src=\"data:image\/svg+xml;base64,PHN2ZyB3aWR0aD0iMSIgaGVpZ2h0PSIxIiB4bWxucz0iaHR0cDovL3d3dy53My5vcmcvMjAwMC9zdmciPjwvc3ZnPg==\" style=\"--smush-placeholder-width: 1024px; --smush-placeholder-aspect-ratio: 1024\/768;\" \/>\n\t\t\t<\/div><\/figure><figure class='gallery-item'>\n\t\t\t<div class='gallery-icon portrait'>\n\t\t\t\t<img decoding=\"async\" width=\"768\" height=\"1024\" data-src=\"https:\/\/www.quintadaspalmeiras.pt\/portal1\/wp-content\/uploads\/2026\/01\/Imagem-1-768x1024.jpg\" class=\"attachment-large size-large lazyload\" alt=\"\" data-srcset=\"https:\/\/www.quintadaspalmeiras.pt\/portal1\/wp-content\/uploads\/2026\/01\/Imagem-1-768x1024.jpg 768w, https:\/\/www.quintadaspalmeiras.pt\/portal1\/wp-content\/uploads\/2026\/01\/Imagem-1-225x300.jpg 225w, https:\/\/www.quintadaspalmeiras.pt\/portal1\/wp-content\/uploads\/2026\/01\/Imagem-1.jpg 918w\" data-sizes=\"(max-width: 709px) 85vw, (max-width: 909px) 67vw, (max-width: 984px) 61vw, (max-width: 1362px) 45vw, 600px\" src=\"data:image\/svg+xml;base64,PHN2ZyB3aWR0aD0iMSIgaGVpZ2h0PSIxIiB4bWxucz0iaHR0cDovL3d3dy53My5vcmcvMjAwMC9zdmciPjwvc3ZnPg==\" style=\"--smush-placeholder-width: 768px; --smush-placeholder-aspect-ratio: 768\/1024;\" \/>\n\t\t\t<\/div><\/figure>\n\t\t<\/div>\n\n","protected":false},"excerpt":{"rendered":"<p>No \u00e2mbito do projeto nacional &#8220;Parlamento\u00a0dos\u00a0Jovens&#8221;, este ano dedicado \u00e0 tem\u00e1tica &#8220;Literacia Financeira: Os Jovens Contam!&#8221;, os alunos das tr\u00eas listas constitu\u00eddas (lista L, lista D e lista F), divulgaram as suas medidas junto dos alunos das diferentes turmas do ensino secund\u00e1rio nos dias 8 e 9 de janeiro. No dia 13 de janeiro, decorreram &hellip; <a href=\"https:\/\/www.quintadaspalmeiras.pt\/portal1\/2026\/01\/26\/parlamento-dos-jovens-eleicoes-e-sessao-escolar\/\" class=\"more-link\">Continue reading<span class=\"screen-reader-text\"> &#8220;Parlamento dos Jovens &#8211; Elei\u00e7\u00f5es e Sess\u00e3o Escolar&#8221;<\/span><\/a><\/p>\n","protected":false},"author":2,"featured_media":3680,"comment_status":"closed","ping_status":"closed","sticky":false,"template":"","format":"gallery","meta":{"_angie_page":false,"_crdt_document":"","page_builder":"","footnotes":""},"categories":[1],"tags":[],"class_list":["post-3679","post","type-post","status-publish","format-gallery","has-post-thumbnail","hentry","category-sem-categoria","post_format-post-format-gallery"],"_links":{"self":[{"href":"https:\/\/www.quintadaspalmeiras.pt\/portal1\/wp-json\/wp\/v2\/posts\/3679","targetHints":{"allow":["GET"]}}],"collection":[{"href":"https:\/\/www.quintadaspalmeiras.pt\/portal1\/wp-json\/wp\/v2\/posts"}],"about":[{"href":"https:\/\/www.quintadaspalmeiras.pt\/portal1\/wp-json\/wp\/v2\/types\/post"}],"author":[{"embeddable":true,"href":"https:\/\/www.quintadaspalmeiras.pt\/portal1\/wp-json\/wp\/v2\/users\/2"}],"replies":[{"embeddable":true,"href":"https:\/\/www.quintadaspalmeiras.pt\/portal1\/wp-json\/wp\/v2\/comments?post=3679"}],"version-history":[{"count":3,"href":"https:\/\/www.quintadaspalmeiras.pt\/portal1\/wp-json\/wp\/v2\/posts\/3679\/revisions"}],"predecessor-version":[{"id":3688,"href":"https:\/\/www.quintadaspalmeiras.pt\/portal1\/wp-json\/wp\/v2\/posts\/3679\/revisions\/3688"}],"wp:featuredmedia":[{"embeddable":true,"href":"https:\/\/www.quintadaspalmeiras.pt\/portal1\/wp-json\/wp\/v2\/media\/3680"}],"wp:attachment":[{"href":"https:\/\/www.quintadaspalmeiras.pt\/portal1\/wp-json\/wp\/v2\/media?parent=3679"}],"wp:term":[{"taxonomy":"category","embeddable":true,"href":"https:\/\/www.quintadaspalmeiras.pt\/portal1\/wp-json\/wp\/v2\/categories?post=3679"},{"taxonomy":"post_tag","embeddable":true,"href":"https:\/\/www.quintadaspalmeiras.pt\/portal1\/wp-json\/wp\/v2\/tags?post=3679"}],"curies":[{"name":"wp","href":"https:\/\/api.w.org\/{rel}","templated":true}]}}