{"id":3595,"date":"2025-12-15T10:22:18","date_gmt":"2025-12-15T10:22:18","guid":{"rendered":"https:\/\/www.quintadaspalmeiras.pt\/portal1\/?p=3595"},"modified":"2025-12-15T10:22:18","modified_gmt":"2025-12-15T10:22:18","slug":"palavras-com-historia-na-radio-forum","status":"publish","type":"post","link":"https:\/\/www.quintadaspalmeiras.pt\/portal1\/2025\/12\/15\/palavras-com-historia-na-radio-forum\/","title":{"rendered":"\u201cPALAVRAS COM HIST\u00d3RIA\u201d na R\u00e1dio F\u00f3rum"},"content":{"rendered":"<p style=\"font-weight: 400;\">\u201cPALAVRAS COM HIST\u00d3RIA\u201d, aceitou no passado dia 10, pelo segundo ano um novo desafio da R\u00e1dio F\u00f3rum para levar alunos a um programa especial de Natal, uma rubrica da autoria de Ant\u00f3nio Jos\u00e9 da Silva.<br \/>\nO desafio foi feito, entre outros alunos, aos alunos: Andr\u00e9 Tom\u00e1s, Carolina Morais, Fernando J\u00fanior, In\u00eas Ramos e Nicole Bento das turmas 8\u00ba D\/E que haviam j\u00e1 participado numa primeira edi\u00e7\u00e3o e que de imediato aceitaram.<br \/>\nProduziram poemas de Natal e a Carolina Morais declamou 2 poemas de Ary dos Santos e Manuel Alegre.<br \/>\nFoi uma hora de muita emo\u00e7\u00e3o, ternura em que os alunos demonstraram mais uma vez o gosto pela escrita e pela declama\u00e7\u00e3o dos poemas que produziram de forma bastante criativa.<br \/>\nPretende-se que o projeto proporcione a estes e outros jovens a vontade, o desejo de verem os seus talentos valorizados dentro e fora da escola.<br \/>\nEsteve, tamb\u00e9m, presente a Encarregada de Educa\u00e7\u00e3o da aluna In\u00eas Ramos, a qual contribuiu para a recolha de fotografias.<\/p>\n<div id='gallery-1' class='gallery galleryid-3595 gallery-columns-1 gallery-size-large'><figure class='gallery-item'>\n\t\t\t<div class='gallery-icon landscape'>\n\t\t\t\t<a href='https:\/\/www.quintadaspalmeiras.pt\/portal1\/2025\/12\/15\/palavras-com-historia-na-radio-forum\/img-20251210-wa0036\/'><img decoding=\"async\" width=\"1024\" height=\"768\" data-src=\"https:\/\/www.quintadaspalmeiras.pt\/portal1\/wp-content\/uploads\/2025\/12\/IMG-20251210-WA0036-1024x768.jpg\" class=\"attachment-large size-large lazyload\" alt=\"\" data-srcset=\"https:\/\/www.quintadaspalmeiras.pt\/portal1\/wp-content\/uploads\/2025\/12\/IMG-20251210-WA0036-1024x768.jpg 1024w, https:\/\/www.quintadaspalmeiras.pt\/portal1\/wp-content\/uploads\/2025\/12\/IMG-20251210-WA0036-300x225.jpg 300w, https:\/\/www.quintadaspalmeiras.pt\/portal1\/wp-content\/uploads\/2025\/12\/IMG-20251210-WA0036-768x576.jpg 768w, https:\/\/www.quintadaspalmeiras.pt\/portal1\/wp-content\/uploads\/2025\/12\/IMG-20251210-WA0036-1536x1152.jpg 1536w, https:\/\/www.quintadaspalmeiras.pt\/portal1\/wp-content\/uploads\/2025\/12\/IMG-20251210-WA0036-1200x900.jpg 1200w, https:\/\/www.quintadaspalmeiras.pt\/portal1\/wp-content\/uploads\/2025\/12\/IMG-20251210-WA0036.jpg 2040w\" data-sizes=\"(max-width: 709px) 85vw, (max-width: 909px) 67vw, (max-width: 1362px) 62vw, 840px\" src=\"data:image\/svg+xml;base64,PHN2ZyB3aWR0aD0iMSIgaGVpZ2h0PSIxIiB4bWxucz0iaHR0cDovL3d3dy53My5vcmcvMjAwMC9zdmciPjwvc3ZnPg==\" style=\"--smush-placeholder-width: 1024px; --smush-placeholder-aspect-ratio: 1024\/768;\" \/><\/a>\n\t\t\t<\/div><\/figure><figure class='gallery-item'>\n\t\t\t<div class='gallery-icon landscape'>\n\t\t\t\t<a href='https:\/\/www.quintadaspalmeiras.pt\/portal1\/2025\/12\/15\/palavras-com-historia-na-radio-forum\/img-20251210-wa0031\/'><img decoding=\"async\" width=\"1024\" height=\"769\" data-src=\"https:\/\/www.quintadaspalmeiras.pt\/portal1\/wp-content\/uploads\/2025\/12\/IMG-20251210-WA0031-1024x769.jpg\" class=\"attachment-large size-large lazyload\" alt=\"\" data-srcset=\"https:\/\/www.quintadaspalmeiras.pt\/portal1\/wp-content\/uploads\/2025\/12\/IMG-20251210-WA0031-1024x769.jpg 1024w, https:\/\/www.quintadaspalmeiras.pt\/portal1\/wp-content\/uploads\/2025\/12\/IMG-20251210-WA0031-300x225.jpg 300w, https:\/\/www.quintadaspalmeiras.pt\/portal1\/wp-content\/uploads\/2025\/12\/IMG-20251210-WA0031-768x577.jpg 768w, https:\/\/www.quintadaspalmeiras.pt\/portal1\/wp-content\/uploads\/2025\/12\/IMG-20251210-WA0031-1536x1154.jpg 1536w, https:\/\/www.quintadaspalmeiras.pt\/portal1\/wp-content\/uploads\/2025\/12\/IMG-20251210-WA0031-1200x901.jpg 1200w, https:\/\/www.quintadaspalmeiras.pt\/portal1\/wp-content\/uploads\/2025\/12\/IMG-20251210-WA0031.jpg 1640w\" data-sizes=\"(max-width: 709px) 85vw, (max-width: 909px) 67vw, (max-width: 1362px) 62vw, 840px\" src=\"data:image\/svg+xml;base64,PHN2ZyB3aWR0aD0iMSIgaGVpZ2h0PSIxIiB4bWxucz0iaHR0cDovL3d3dy53My5vcmcvMjAwMC9zdmciPjwvc3ZnPg==\" style=\"--smush-placeholder-width: 1024px; --smush-placeholder-aspect-ratio: 1024\/769;\" \/><\/a>\n\t\t\t<\/div><\/figure><figure class='gallery-item'>\n\t\t\t<div class='gallery-icon landscape'>\n\t\t\t\t<a href='https:\/\/www.quintadaspalmeiras.pt\/portal1\/2025\/12\/15\/palavras-com-historia-na-radio-forum\/img-20251210-wa0030\/'><img decoding=\"async\" width=\"1024\" height=\"768\" data-src=\"https:\/\/www.quintadaspalmeiras.pt\/portal1\/wp-content\/uploads\/2025\/12\/IMG-20251210-WA0030-1024x768.jpg\" class=\"attachment-large size-large lazyload\" alt=\"\" data-srcset=\"https:\/\/www.quintadaspalmeiras.pt\/portal1\/wp-content\/uploads\/2025\/12\/IMG-20251210-WA0030-1024x768.jpg 1024w, https:\/\/www.quintadaspalmeiras.pt\/portal1\/wp-content\/uploads\/2025\/12\/IMG-20251210-WA0030-300x225.jpg 300w, https:\/\/www.quintadaspalmeiras.pt\/portal1\/wp-content\/uploads\/2025\/12\/IMG-20251210-WA0030-768x576.jpg 768w, https:\/\/www.quintadaspalmeiras.pt\/portal1\/wp-content\/uploads\/2025\/12\/IMG-20251210-WA0030-1536x1152.jpg 1536w, https:\/\/www.quintadaspalmeiras.pt\/portal1\/wp-content\/uploads\/2025\/12\/IMG-20251210-WA0030-1200x900.jpg 1200w, https:\/\/www.quintadaspalmeiras.pt\/portal1\/wp-content\/uploads\/2025\/12\/IMG-20251210-WA0030.jpg 2040w\" data-sizes=\"(max-width: 709px) 85vw, (max-width: 909px) 67vw, (max-width: 1362px) 62vw, 840px\" src=\"data:image\/svg+xml;base64,PHN2ZyB3aWR0aD0iMSIgaGVpZ2h0PSIxIiB4bWxucz0iaHR0cDovL3d3dy53My5vcmcvMjAwMC9zdmciPjwvc3ZnPg==\" style=\"--smush-placeholder-width: 1024px; --smush-placeholder-aspect-ratio: 1024\/768;\" \/><\/a>\n\t\t\t<\/div><\/figure><figure class='gallery-item'>\n\t\t\t<div class='gallery-icon portrait'>\n\t\t\t\t<a href='https:\/\/www.quintadaspalmeiras.pt\/portal1\/2025\/12\/15\/palavras-com-historia-na-radio-forum\/img-20251210-wa0025\/'><img decoding=\"async\" width=\"768\" height=\"1024\" data-src=\"https:\/\/www.quintadaspalmeiras.pt\/portal1\/wp-content\/uploads\/2025\/12\/IMG-20251210-WA0025-768x1024.jpg\" class=\"attachment-large size-large lazyload\" alt=\"\" data-srcset=\"https:\/\/www.quintadaspalmeiras.pt\/portal1\/wp-content\/uploads\/2025\/12\/IMG-20251210-WA0025-768x1024.jpg 768w, https:\/\/www.quintadaspalmeiras.pt\/portal1\/wp-content\/uploads\/2025\/12\/IMG-20251210-WA0025-225x300.jpg 225w, https:\/\/www.quintadaspalmeiras.pt\/portal1\/wp-content\/uploads\/2025\/12\/IMG-20251210-WA0025-1152x1536.jpg 1152w, https:\/\/www.quintadaspalmeiras.pt\/portal1\/wp-content\/uploads\/2025\/12\/IMG-20251210-WA0025-1200x1600.jpg 1200w, https:\/\/www.quintadaspalmeiras.pt\/portal1\/wp-content\/uploads\/2025\/12\/IMG-20251210-WA0025.jpg 1530w\" data-sizes=\"(max-width: 709px) 85vw, (max-width: 909px) 67vw, (max-width: 984px) 61vw, (max-width: 1362px) 45vw, 600px\" src=\"data:image\/svg+xml;base64,PHN2ZyB3aWR0aD0iMSIgaGVpZ2h0PSIxIiB4bWxucz0iaHR0cDovL3d3dy53My5vcmcvMjAwMC9zdmciPjwvc3ZnPg==\" style=\"--smush-placeholder-width: 768px; --smush-placeholder-aspect-ratio: 768\/1024;\" \/><\/a>\n\t\t\t<\/div><\/figure><figure class='gallery-item'>\n\t\t\t<div class='gallery-icon portrait'>\n\t\t\t\t<a href='https:\/\/www.quintadaspalmeiras.pt\/portal1\/2025\/12\/15\/palavras-com-historia-na-radio-forum\/img-20251210-wa0023\/'><img decoding=\"async\" width=\"768\" height=\"1024\" data-src=\"https:\/\/www.quintadaspalmeiras.pt\/portal1\/wp-content\/uploads\/2025\/12\/IMG-20251210-WA0023-768x1024.jpg\" class=\"attachment-large size-large lazyload\" alt=\"\" data-srcset=\"https:\/\/www.quintadaspalmeiras.pt\/portal1\/wp-content\/uploads\/2025\/12\/IMG-20251210-WA0023-768x1024.jpg 768w, https:\/\/www.quintadaspalmeiras.pt\/portal1\/wp-content\/uploads\/2025\/12\/IMG-20251210-WA0023-225x300.jpg 225w, https:\/\/www.quintadaspalmeiras.pt\/portal1\/wp-content\/uploads\/2025\/12\/IMG-20251210-WA0023-1152x1536.jpg 1152w, https:\/\/www.quintadaspalmeiras.pt\/portal1\/wp-content\/uploads\/2025\/12\/IMG-20251210-WA0023-1200x1600.jpg 1200w, https:\/\/www.quintadaspalmeiras.pt\/portal1\/wp-content\/uploads\/2025\/12\/IMG-20251210-WA0023.jpg 1530w\" data-sizes=\"(max-width: 709px) 85vw, (max-width: 909px) 67vw, (max-width: 984px) 61vw, (max-width: 1362px) 45vw, 600px\" src=\"data:image\/svg+xml;base64,PHN2ZyB3aWR0aD0iMSIgaGVpZ2h0PSIxIiB4bWxucz0iaHR0cDovL3d3dy53My5vcmcvMjAwMC9zdmciPjwvc3ZnPg==\" style=\"--smush-placeholder-width: 768px; --smush-placeholder-aspect-ratio: 768\/1024;\" \/><\/a>\n\t\t\t<\/div><\/figure><figure class='gallery-item'>\n\t\t\t<div class='gallery-icon landscape'>\n\t\t\t\t<a href='https:\/\/www.quintadaspalmeiras.pt\/portal1\/2025\/12\/15\/palavras-com-historia-na-radio-forum\/img-20251210-wa0017\/'><img decoding=\"async\" width=\"1024\" height=\"768\" data-src=\"https:\/\/www.quintadaspalmeiras.pt\/portal1\/wp-content\/uploads\/2025\/12\/IMG-20251210-WA0017-1024x768.jpg\" class=\"attachment-large size-large lazyload\" alt=\"\" data-srcset=\"https:\/\/www.quintadaspalmeiras.pt\/portal1\/wp-content\/uploads\/2025\/12\/IMG-20251210-WA0017-1024x768.jpg 1024w, https:\/\/www.quintadaspalmeiras.pt\/portal1\/wp-content\/uploads\/2025\/12\/IMG-20251210-WA0017-300x225.jpg 300w, https:\/\/www.quintadaspalmeiras.pt\/portal1\/wp-content\/uploads\/2025\/12\/IMG-20251210-WA0017-768x576.jpg 768w, https:\/\/www.quintadaspalmeiras.pt\/portal1\/wp-content\/uploads\/2025\/12\/IMG-20251210-WA0017-1536x1152.jpg 1536w, https:\/\/www.quintadaspalmeiras.pt\/portal1\/wp-content\/uploads\/2025\/12\/IMG-20251210-WA0017-1200x900.jpg 1200w, https:\/\/www.quintadaspalmeiras.pt\/portal1\/wp-content\/uploads\/2025\/12\/IMG-20251210-WA0017.jpg 2040w\" data-sizes=\"(max-width: 709px) 85vw, (max-width: 909px) 67vw, (max-width: 1362px) 62vw, 840px\" src=\"data:image\/svg+xml;base64,PHN2ZyB3aWR0aD0iMSIgaGVpZ2h0PSIxIiB4bWxucz0iaHR0cDovL3d3dy53My5vcmcvMjAwMC9zdmciPjwvc3ZnPg==\" style=\"--smush-placeholder-width: 1024px; --smush-placeholder-aspect-ratio: 1024\/768;\" \/><\/a>\n\t\t\t<\/div><\/figure>\n\t\t<\/div>\n\n<p style=\"text-align: center;\">\n","protected":false},"excerpt":{"rendered":"<p>\u201cPALAVRAS COM HIST\u00d3RIA\u201d, aceitou no passado dia 10, pelo segundo ano um novo desafio da R\u00e1dio F\u00f3rum para levar alunos a um programa especial de Natal, uma rubrica da autoria de Ant\u00f3nio Jos\u00e9 da Silva. O desafio foi feito, entre outros alunos, aos alunos: Andr\u00e9 Tom\u00e1s, Carolina Morais, Fernando J\u00fanior, In\u00eas Ramos e Nicole Bento &hellip; <a href=\"https:\/\/www.quintadaspalmeiras.pt\/portal1\/2025\/12\/15\/palavras-com-historia-na-radio-forum\/\" class=\"more-link\">Continue reading<span class=\"screen-reader-text\"> &#8220;\u201cPALAVRAS COM HIST\u00d3RIA\u201d na R\u00e1dio F\u00f3rum&#8221;<\/span><\/a><\/p>\n","protected":false},"author":2,"featured_media":3602,"comment_status":"closed","ping_status":"closed","sticky":false,"template":"","format":"standard","meta":{"_angie_page":false,"_crdt_document":"","page_builder":"","footnotes":""},"categories":[1],"tags":[],"class_list":["post-3595","post","type-post","status-publish","format-standard","has-post-thumbnail","hentry","category-sem-categoria"],"_links":{"self":[{"href":"https:\/\/www.quintadaspalmeiras.pt\/portal1\/wp-json\/wp\/v2\/posts\/3595","targetHints":{"allow":["GET"]}}],"collection":[{"href":"https:\/\/www.quintadaspalmeiras.pt\/portal1\/wp-json\/wp\/v2\/posts"}],"about":[{"href":"https:\/\/www.quintadaspalmeiras.pt\/portal1\/wp-json\/wp\/v2\/types\/post"}],"author":[{"embeddable":true,"href":"https:\/\/www.quintadaspalmeiras.pt\/portal1\/wp-json\/wp\/v2\/users\/2"}],"replies":[{"embeddable":true,"href":"https:\/\/www.quintadaspalmeiras.pt\/portal1\/wp-json\/wp\/v2\/comments?post=3595"}],"version-history":[{"count":1,"href":"https:\/\/www.quintadaspalmeiras.pt\/portal1\/wp-json\/wp\/v2\/posts\/3595\/revisions"}],"predecessor-version":[{"id":3603,"href":"https:\/\/www.quintadaspalmeiras.pt\/portal1\/wp-json\/wp\/v2\/posts\/3595\/revisions\/3603"}],"wp:featuredmedia":[{"embeddable":true,"href":"https:\/\/www.quintadaspalmeiras.pt\/portal1\/wp-json\/wp\/v2\/media\/3602"}],"wp:attachment":[{"href":"https:\/\/www.quintadaspalmeiras.pt\/portal1\/wp-json\/wp\/v2\/media?parent=3595"}],"wp:term":[{"taxonomy":"category","embeddable":true,"href":"https:\/\/www.quintadaspalmeiras.pt\/portal1\/wp-json\/wp\/v2\/categories?post=3595"},{"taxonomy":"post_tag","embeddable":true,"href":"https:\/\/www.quintadaspalmeiras.pt\/portal1\/wp-json\/wp\/v2\/tags?post=3595"}],"curies":[{"name":"wp","href":"https:\/\/api.w.org\/{rel}","templated":true}]}}