{"id":3550,"date":"2025-12-11T10:29:34","date_gmt":"2025-12-11T10:29:34","guid":{"rendered":"https:\/\/www.quintadaspalmeiras.pt\/portal1\/?p=3550"},"modified":"2025-12-11T10:29:34","modified_gmt":"2025-12-11T10:29:34","slug":"projeto-de-prevencao-da-violencia-no-namoro-em-parceria-com-a-coolabora","status":"publish","type":"post","link":"https:\/\/www.quintadaspalmeiras.pt\/portal1\/2025\/12\/11\/projeto-de-prevencao-da-violencia-no-namoro-em-parceria-com-a-coolabora\/","title":{"rendered":"Projeto de preven\u00e7\u00e3o da Viol\u00eancia no Namoro em parceria com a CooLabora"},"content":{"rendered":"<p style=\"font-weight: 400;\">A turma do 9.\u00ba D participou, ao longo de seis sess\u00f5es, no projeto \u201cCuidAdania \u2013 Preven\u00e7\u00e3o da Viol\u00eancia no Namoro\u201d, dinamizado pelo psic\u00f3logo e antrop\u00f3logo Pedro Peixoto, da Coolabora. A iniciativa procurou alertar os jovens para a import\u00e2ncia de rela\u00e7\u00f5es saud\u00e1veis e para a identifica\u00e7\u00e3o de comportamentos de risco.<\/p>\n<p style=\"font-weight: 400;\">O trabalho come\u00e7ou com um levantamento de ideias e uma mesa-redonda de debate, onde os alunos puderam partilhar perspetivas e experi\u00eancias. Seguiu-se a explora\u00e7\u00e3o do Violent\u00f3metro, ferramenta que ajudou a reconhecer diferentes sinais de viol\u00eancia nas rela\u00e7\u00f5es.<\/p>\n<p style=\"font-weight: 400;\">Para envolver a comunidade escolar, os estudantes elaboraram um question\u00e1rio dirigido a outras turmas. As respostas recolhidas foram analisadas, revelando perce\u00e7\u00f5es e preocupa\u00e7\u00f5es dos jovens sobre o tema. As principais conclus\u00f5es foram depois apresentadas na exposi\u00e7\u00e3o\u00a0<em><strong>#<\/strong>RompeOSil\u00eancio,<\/em>\u00a0patente no \u00e1trio do CTE, que reuniu trabalhos dos alunos das turmas C e D do 9.\u00ba ano.<\/p>\n<p style=\"font-weight: 400;\">A exposi\u00e7\u00e3o culminou com a comemora\u00e7\u00e3o do Dia dos Direitos Humanos, refor\u00e7ando a import\u00e2ncia da preven\u00e7\u00e3o da viol\u00eancia no namoro e da promo\u00e7\u00e3o de rela\u00e7\u00f5es baseadas no respeito e na igualdade.<\/p>\n<div id='gallery-1' class='gallery galleryid-3550 gallery-columns-1 gallery-size-large'><figure class='gallery-item'>\n\t\t\t<div class='gallery-icon portrait'>\n\t\t\t\t<a href='https:\/\/www.quintadaspalmeiras.pt\/portal1\/2025\/12\/11\/projeto-de-prevencao-da-violencia-no-namoro-em-parceria-com-a-coolabora\/2-11\/'><img decoding=\"async\" width=\"768\" height=\"1024\" data-src=\"https:\/\/www.quintadaspalmeiras.pt\/portal1\/wp-content\/uploads\/2025\/12\/2-768x1024.jpeg\" class=\"attachment-large size-large lazyload\" alt=\"\" data-srcset=\"https:\/\/www.quintadaspalmeiras.pt\/portal1\/wp-content\/uploads\/2025\/12\/2-768x1024.jpeg 768w, https:\/\/www.quintadaspalmeiras.pt\/portal1\/wp-content\/uploads\/2025\/12\/2-225x300.jpeg 225w, https:\/\/www.quintadaspalmeiras.pt\/portal1\/wp-content\/uploads\/2025\/12\/2-1152x1536.jpeg 1152w, https:\/\/www.quintadaspalmeiras.pt\/portal1\/wp-content\/uploads\/2025\/12\/2-1200x1600.jpeg 1200w, https:\/\/www.quintadaspalmeiras.pt\/portal1\/wp-content\/uploads\/2025\/12\/2.jpeg 1536w\" data-sizes=\"(max-width: 709px) 85vw, (max-width: 909px) 67vw, (max-width: 984px) 61vw, (max-width: 1362px) 45vw, 600px\" src=\"data:image\/svg+xml;base64,PHN2ZyB3aWR0aD0iMSIgaGVpZ2h0PSIxIiB4bWxucz0iaHR0cDovL3d3dy53My5vcmcvMjAwMC9zdmciPjwvc3ZnPg==\" style=\"--smush-placeholder-width: 768px; --smush-placeholder-aspect-ratio: 768\/1024;\" \/><\/a>\n\t\t\t<\/div><\/figure><figure class='gallery-item'>\n\t\t\t<div class='gallery-icon landscape'>\n\t\t\t\t<a href='https:\/\/www.quintadaspalmeiras.pt\/portal1\/2025\/12\/11\/projeto-de-prevencao-da-violencia-no-namoro-em-parceria-com-a-coolabora\/attachment\/7\/'><img decoding=\"async\" width=\"1024\" height=\"771\" data-src=\"https:\/\/www.quintadaspalmeiras.pt\/portal1\/wp-content\/uploads\/2025\/12\/7-1024x771.jpeg\" class=\"attachment-large size-large lazyload\" alt=\"\" data-srcset=\"https:\/\/www.quintadaspalmeiras.pt\/portal1\/wp-content\/uploads\/2025\/12\/7-1024x771.jpeg 1024w, https:\/\/www.quintadaspalmeiras.pt\/portal1\/wp-content\/uploads\/2025\/12\/7-300x226.jpeg 300w, https:\/\/www.quintadaspalmeiras.pt\/portal1\/wp-content\/uploads\/2025\/12\/7-768x578.jpeg 768w, https:\/\/www.quintadaspalmeiras.pt\/portal1\/wp-content\/uploads\/2025\/12\/7-1536x1157.jpeg 1536w, https:\/\/www.quintadaspalmeiras.pt\/portal1\/wp-content\/uploads\/2025\/12\/7-1200x904.jpeg 1200w, https:\/\/www.quintadaspalmeiras.pt\/portal1\/wp-content\/uploads\/2025\/12\/7.jpeg 2040w\" data-sizes=\"(max-width: 709px) 85vw, (max-width: 909px) 67vw, (max-width: 1362px) 62vw, 840px\" src=\"data:image\/svg+xml;base64,PHN2ZyB3aWR0aD0iMSIgaGVpZ2h0PSIxIiB4bWxucz0iaHR0cDovL3d3dy53My5vcmcvMjAwMC9zdmciPjwvc3ZnPg==\" style=\"--smush-placeholder-width: 1024px; --smush-placeholder-aspect-ratio: 1024\/771;\" \/><\/a>\n\t\t\t<\/div><\/figure><figure class='gallery-item'>\n\t\t\t<div class='gallery-icon landscape'>\n\t\t\t\t<a href='https:\/\/www.quintadaspalmeiras.pt\/portal1\/2025\/12\/11\/projeto-de-prevencao-da-violencia-no-namoro-em-parceria-com-a-coolabora\/5-7\/'><img decoding=\"async\" width=\"1024\" height=\"771\" data-src=\"https:\/\/www.quintadaspalmeiras.pt\/portal1\/wp-content\/uploads\/2025\/12\/5-1024x771.jpeg\" class=\"attachment-large size-large lazyload\" alt=\"\" data-srcset=\"https:\/\/www.quintadaspalmeiras.pt\/portal1\/wp-content\/uploads\/2025\/12\/5-1024x771.jpeg 1024w, https:\/\/www.quintadaspalmeiras.pt\/portal1\/wp-content\/uploads\/2025\/12\/5-300x226.jpeg 300w, https:\/\/www.quintadaspalmeiras.pt\/portal1\/wp-content\/uploads\/2025\/12\/5-768x578.jpeg 768w, https:\/\/www.quintadaspalmeiras.pt\/portal1\/wp-content\/uploads\/2025\/12\/5-1536x1157.jpeg 1536w, https:\/\/www.quintadaspalmeiras.pt\/portal1\/wp-content\/uploads\/2025\/12\/5-1200x904.jpeg 1200w, https:\/\/www.quintadaspalmeiras.pt\/portal1\/wp-content\/uploads\/2025\/12\/5.jpeg 2040w\" data-sizes=\"(max-width: 709px) 85vw, (max-width: 909px) 67vw, (max-width: 1362px) 62vw, 840px\" src=\"data:image\/svg+xml;base64,PHN2ZyB3aWR0aD0iMSIgaGVpZ2h0PSIxIiB4bWxucz0iaHR0cDovL3d3dy53My5vcmcvMjAwMC9zdmciPjwvc3ZnPg==\" style=\"--smush-placeholder-width: 1024px; --smush-placeholder-aspect-ratio: 1024\/771;\" \/><\/a>\n\t\t\t<\/div><\/figure><figure class='gallery-item'>\n\t\t\t<div class='gallery-icon landscape'>\n\t\t\t\t<a href='https:\/\/www.quintadaspalmeiras.pt\/portal1\/2025\/12\/11\/projeto-de-prevencao-da-violencia-no-namoro-em-parceria-com-a-coolabora\/6-9\/'><img decoding=\"async\" width=\"1024\" height=\"771\" data-src=\"https:\/\/www.quintadaspalmeiras.pt\/portal1\/wp-content\/uploads\/2025\/12\/6-1024x771.jpeg\" class=\"attachment-large size-large lazyload\" alt=\"\" data-srcset=\"https:\/\/www.quintadaspalmeiras.pt\/portal1\/wp-content\/uploads\/2025\/12\/6-1024x771.jpeg 1024w, https:\/\/www.quintadaspalmeiras.pt\/portal1\/wp-content\/uploads\/2025\/12\/6-300x226.jpeg 300w, https:\/\/www.quintadaspalmeiras.pt\/portal1\/wp-content\/uploads\/2025\/12\/6-768x578.jpeg 768w, https:\/\/www.quintadaspalmeiras.pt\/portal1\/wp-content\/uploads\/2025\/12\/6-1536x1157.jpeg 1536w, https:\/\/www.quintadaspalmeiras.pt\/portal1\/wp-content\/uploads\/2025\/12\/6-1200x904.jpeg 1200w, https:\/\/www.quintadaspalmeiras.pt\/portal1\/wp-content\/uploads\/2025\/12\/6.jpeg 2040w\" data-sizes=\"(max-width: 709px) 85vw, (max-width: 909px) 67vw, (max-width: 1362px) 62vw, 840px\" src=\"data:image\/svg+xml;base64,PHN2ZyB3aWR0aD0iMSIgaGVpZ2h0PSIxIiB4bWxucz0iaHR0cDovL3d3dy53My5vcmcvMjAwMC9zdmciPjwvc3ZnPg==\" style=\"--smush-placeholder-width: 1024px; --smush-placeholder-aspect-ratio: 1024\/771;\" \/><\/a>\n\t\t\t<\/div><\/figure><figure class='gallery-item'>\n\t\t\t<div class='gallery-icon landscape'>\n\t\t\t\t<a href='https:\/\/www.quintadaspalmeiras.pt\/portal1\/2025\/12\/11\/projeto-de-prevencao-da-violencia-no-namoro-em-parceria-com-a-coolabora\/4-11\/'><img decoding=\"async\" width=\"1024\" height=\"768\" data-src=\"https:\/\/www.quintadaspalmeiras.pt\/portal1\/wp-content\/uploads\/2025\/12\/4-1024x768.jpeg\" class=\"attachment-large size-large lazyload\" alt=\"\" data-srcset=\"https:\/\/www.quintadaspalmeiras.pt\/portal1\/wp-content\/uploads\/2025\/12\/4-1024x768.jpeg 1024w, https:\/\/www.quintadaspalmeiras.pt\/portal1\/wp-content\/uploads\/2025\/12\/4-300x225.jpeg 300w, https:\/\/www.quintadaspalmeiras.pt\/portal1\/wp-content\/uploads\/2025\/12\/4-768x576.jpeg 768w, https:\/\/www.quintadaspalmeiras.pt\/portal1\/wp-content\/uploads\/2025\/12\/4-1536x1152.jpeg 1536w, https:\/\/www.quintadaspalmeiras.pt\/portal1\/wp-content\/uploads\/2025\/12\/4-1200x900.jpeg 1200w, https:\/\/www.quintadaspalmeiras.pt\/portal1\/wp-content\/uploads\/2025\/12\/4.jpeg 2048w\" data-sizes=\"(max-width: 709px) 85vw, (max-width: 909px) 67vw, (max-width: 1362px) 62vw, 840px\" src=\"data:image\/svg+xml;base64,PHN2ZyB3aWR0aD0iMSIgaGVpZ2h0PSIxIiB4bWxucz0iaHR0cDovL3d3dy53My5vcmcvMjAwMC9zdmciPjwvc3ZnPg==\" style=\"--smush-placeholder-width: 1024px; --smush-placeholder-aspect-ratio: 1024\/768;\" \/><\/a>\n\t\t\t<\/div><\/figure><figure class='gallery-item'>\n\t\t\t<div class='gallery-icon landscape'>\n\t\t\t\t<a href='https:\/\/www.quintadaspalmeiras.pt\/portal1\/2025\/12\/11\/projeto-de-prevencao-da-violencia-no-namoro-em-parceria-com-a-coolabora\/3-8\/'><img decoding=\"async\" width=\"1024\" height=\"768\" data-src=\"https:\/\/www.quintadaspalmeiras.pt\/portal1\/wp-content\/uploads\/2025\/12\/3-1024x768.jpeg\" class=\"attachment-large size-large lazyload\" alt=\"\" data-srcset=\"https:\/\/www.quintadaspalmeiras.pt\/portal1\/wp-content\/uploads\/2025\/12\/3-1024x768.jpeg 1024w, https:\/\/www.quintadaspalmeiras.pt\/portal1\/wp-content\/uploads\/2025\/12\/3-300x225.jpeg 300w, https:\/\/www.quintadaspalmeiras.pt\/portal1\/wp-content\/uploads\/2025\/12\/3-768x576.jpeg 768w, https:\/\/www.quintadaspalmeiras.pt\/portal1\/wp-content\/uploads\/2025\/12\/3-1536x1152.jpeg 1536w, https:\/\/www.quintadaspalmeiras.pt\/portal1\/wp-content\/uploads\/2025\/12\/3-1200x900.jpeg 1200w, https:\/\/www.quintadaspalmeiras.pt\/portal1\/wp-content\/uploads\/2025\/12\/3.jpeg 2048w\" data-sizes=\"(max-width: 709px) 85vw, (max-width: 909px) 67vw, (max-width: 1362px) 62vw, 840px\" src=\"data:image\/svg+xml;base64,PHN2ZyB3aWR0aD0iMSIgaGVpZ2h0PSIxIiB4bWxucz0iaHR0cDovL3d3dy53My5vcmcvMjAwMC9zdmciPjwvc3ZnPg==\" style=\"--smush-placeholder-width: 1024px; --smush-placeholder-aspect-ratio: 1024\/768;\" \/><\/a>\n\t\t\t<\/div><\/figure>\n\t\t<\/div>\n\n","protected":false},"excerpt":{"rendered":"<p>A turma do 9.\u00ba D participou, ao longo de seis sess\u00f5es, no projeto \u201cCuidAdania \u2013 Preven\u00e7\u00e3o da Viol\u00eancia no Namoro\u201d, dinamizado pelo psic\u00f3logo e antrop\u00f3logo Pedro Peixoto, da Coolabora. A iniciativa procurou alertar os jovens para a import\u00e2ncia de rela\u00e7\u00f5es saud\u00e1veis e para a identifica\u00e7\u00e3o de comportamentos de risco. O trabalho come\u00e7ou com um levantamento &hellip; <a href=\"https:\/\/www.quintadaspalmeiras.pt\/portal1\/2025\/12\/11\/projeto-de-prevencao-da-violencia-no-namoro-em-parceria-com-a-coolabora\/\" class=\"more-link\">Continue reading<span class=\"screen-reader-text\"> &#8220;Projeto de preven\u00e7\u00e3o da Viol\u00eancia no Namoro em parceria com a CooLabora&#8221;<\/span><\/a><\/p>\n","protected":false},"author":2,"featured_media":3553,"comment_status":"closed","ping_status":"closed","sticky":false,"template":"","format":"standard","meta":{"_angie_page":false,"_crdt_document":"","page_builder":"","footnotes":""},"categories":[1],"tags":[],"class_list":["post-3550","post","type-post","status-publish","format-standard","has-post-thumbnail","hentry","category-sem-categoria"],"_links":{"self":[{"href":"https:\/\/www.quintadaspalmeiras.pt\/portal1\/wp-json\/wp\/v2\/posts\/3550","targetHints":{"allow":["GET"]}}],"collection":[{"href":"https:\/\/www.quintadaspalmeiras.pt\/portal1\/wp-json\/wp\/v2\/posts"}],"about":[{"href":"https:\/\/www.quintadaspalmeiras.pt\/portal1\/wp-json\/wp\/v2\/types\/post"}],"author":[{"embeddable":true,"href":"https:\/\/www.quintadaspalmeiras.pt\/portal1\/wp-json\/wp\/v2\/users\/2"}],"replies":[{"embeddable":true,"href":"https:\/\/www.quintadaspalmeiras.pt\/portal1\/wp-json\/wp\/v2\/comments?post=3550"}],"version-history":[{"count":1,"href":"https:\/\/www.quintadaspalmeiras.pt\/portal1\/wp-json\/wp\/v2\/posts\/3550\/revisions"}],"predecessor-version":[{"id":3565,"href":"https:\/\/www.quintadaspalmeiras.pt\/portal1\/wp-json\/wp\/v2\/posts\/3550\/revisions\/3565"}],"wp:featuredmedia":[{"embeddable":true,"href":"https:\/\/www.quintadaspalmeiras.pt\/portal1\/wp-json\/wp\/v2\/media\/3553"}],"wp:attachment":[{"href":"https:\/\/www.quintadaspalmeiras.pt\/portal1\/wp-json\/wp\/v2\/media?parent=3550"}],"wp:term":[{"taxonomy":"category","embeddable":true,"href":"https:\/\/www.quintadaspalmeiras.pt\/portal1\/wp-json\/wp\/v2\/categories?post=3550"},{"taxonomy":"post_tag","embeddable":true,"href":"https:\/\/www.quintadaspalmeiras.pt\/portal1\/wp-json\/wp\/v2\/tags?post=3550"}],"curies":[{"name":"wp","href":"https:\/\/api.w.org\/{rel}","templated":true}]}}