{"id":3539,"date":"2025-12-10T18:34:39","date_gmt":"2025-12-10T18:34:39","guid":{"rendered":"https:\/\/www.quintadaspalmeiras.pt\/portal1\/?p=3539"},"modified":"2025-12-10T18:38:35","modified_gmt":"2025-12-10T18:38:35","slug":"badminton-juvenis-1-competicao-distrital","status":"publish","type":"post","link":"https:\/\/www.quintadaspalmeiras.pt\/portal1\/2025\/12\/10\/badminton-juvenis-1-competicao-distrital\/","title":{"rendered":"Badminton Juvenis &#8211; 1\u00aa Competi\u00e7\u00e3o Distrital"},"content":{"rendered":"<p>O grupo equipa de Badminton Juvenis participou, no dia 09 de dezembro, na 1\u00aa competi\u00e7\u00e3o distrital. A prova decorreu na escola secund\u00e1ria frei Heitor Pinto. Destaque para o excelente desempenho e comportamento dos nossos alunos. A todos muitos parab\u00e9ns!<\/p>\n<div id='gallery-1' class='gallery galleryid-3539 gallery-columns-1 gallery-size-large'><figure class='gallery-item'>\n\t\t\t<div class='gallery-icon landscape'>\n\t\t\t\t<img decoding=\"async\" width=\"1024\" height=\"768\" data-src=\"https:\/\/www.quintadaspalmeiras.pt\/portal1\/wp-content\/uploads\/2025\/12\/IMG_6257-1024x768.jpeg\" class=\"attachment-large size-large lazyload\" alt=\"\" data-srcset=\"https:\/\/www.quintadaspalmeiras.pt\/portal1\/wp-content\/uploads\/2025\/12\/IMG_6257-1024x768.jpeg 1024w, https:\/\/www.quintadaspalmeiras.pt\/portal1\/wp-content\/uploads\/2025\/12\/IMG_6257-300x225.jpeg 300w, https:\/\/www.quintadaspalmeiras.pt\/portal1\/wp-content\/uploads\/2025\/12\/IMG_6257-768x576.jpeg 768w, https:\/\/www.quintadaspalmeiras.pt\/portal1\/wp-content\/uploads\/2025\/12\/IMG_6257.jpeg 1142w\" data-sizes=\"(max-width: 709px) 85vw, (max-width: 909px) 67vw, (max-width: 1362px) 62vw, 840px\" src=\"data:image\/svg+xml;base64,PHN2ZyB3aWR0aD0iMSIgaGVpZ2h0PSIxIiB4bWxucz0iaHR0cDovL3d3dy53My5vcmcvMjAwMC9zdmciPjwvc3ZnPg==\" style=\"--smush-placeholder-width: 1024px; --smush-placeholder-aspect-ratio: 1024\/768;\" \/>\n\t\t\t<\/div><\/figure><figure class='gallery-item'>\n\t\t\t<div class='gallery-icon landscape'>\n\t\t\t\t<img decoding=\"async\" width=\"1024\" height=\"768\" data-src=\"https:\/\/www.quintadaspalmeiras.pt\/portal1\/wp-content\/uploads\/2025\/12\/IMG_6253-1024x768.jpeg\" class=\"attachment-large size-large lazyload\" alt=\"\" data-srcset=\"https:\/\/www.quintadaspalmeiras.pt\/portal1\/wp-content\/uploads\/2025\/12\/IMG_6253-1024x768.jpeg 1024w, https:\/\/www.quintadaspalmeiras.pt\/portal1\/wp-content\/uploads\/2025\/12\/IMG_6253-300x225.jpeg 300w, https:\/\/www.quintadaspalmeiras.pt\/portal1\/wp-content\/uploads\/2025\/12\/IMG_6253-768x576.jpeg 768w, https:\/\/www.quintadaspalmeiras.pt\/portal1\/wp-content\/uploads\/2025\/12\/IMG_6253.jpeg 1142w\" data-sizes=\"(max-width: 709px) 85vw, (max-width: 909px) 67vw, (max-width: 1362px) 62vw, 840px\" src=\"data:image\/svg+xml;base64,PHN2ZyB3aWR0aD0iMSIgaGVpZ2h0PSIxIiB4bWxucz0iaHR0cDovL3d3dy53My5vcmcvMjAwMC9zdmciPjwvc3ZnPg==\" style=\"--smush-placeholder-width: 1024px; --smush-placeholder-aspect-ratio: 1024\/768;\" \/>\n\t\t\t<\/div><\/figure>\n\t\t<\/div>\n\n","protected":false},"excerpt":{"rendered":"<p>O grupo equipa de Badminton Juvenis participou, no dia 09 de dezembro, na 1\u00aa competi\u00e7\u00e3o distrital. A prova decorreu na escola secund\u00e1ria frei Heitor Pinto. Destaque para o excelente desempenho e comportamento dos nossos alunos. A todos muitos parab\u00e9ns!<\/p>\n","protected":false},"author":2,"featured_media":3543,"comment_status":"closed","ping_status":"closed","sticky":false,"template":"","format":"standard","meta":{"_angie_page":false,"_crdt_document":"","page_builder":"","footnotes":""},"categories":[1],"tags":[],"class_list":["post-3539","post","type-post","status-publish","format-standard","has-post-thumbnail","hentry","category-sem-categoria"],"_links":{"self":[{"href":"https:\/\/www.quintadaspalmeiras.pt\/portal1\/wp-json\/wp\/v2\/posts\/3539","targetHints":{"allow":["GET"]}}],"collection":[{"href":"https:\/\/www.quintadaspalmeiras.pt\/portal1\/wp-json\/wp\/v2\/posts"}],"about":[{"href":"https:\/\/www.quintadaspalmeiras.pt\/portal1\/wp-json\/wp\/v2\/types\/post"}],"author":[{"embeddable":true,"href":"https:\/\/www.quintadaspalmeiras.pt\/portal1\/wp-json\/wp\/v2\/users\/2"}],"replies":[{"embeddable":true,"href":"https:\/\/www.quintadaspalmeiras.pt\/portal1\/wp-json\/wp\/v2\/comments?post=3539"}],"version-history":[{"count":4,"href":"https:\/\/www.quintadaspalmeiras.pt\/portal1\/wp-json\/wp\/v2\/posts\/3539\/revisions"}],"predecessor-version":[{"id":3549,"href":"https:\/\/www.quintadaspalmeiras.pt\/portal1\/wp-json\/wp\/v2\/posts\/3539\/revisions\/3549"}],"wp:featuredmedia":[{"embeddable":true,"href":"https:\/\/www.quintadaspalmeiras.pt\/portal1\/wp-json\/wp\/v2\/media\/3543"}],"wp:attachment":[{"href":"https:\/\/www.quintadaspalmeiras.pt\/portal1\/wp-json\/wp\/v2\/media?parent=3539"}],"wp:term":[{"taxonomy":"category","embeddable":true,"href":"https:\/\/www.quintadaspalmeiras.pt\/portal1\/wp-json\/wp\/v2\/categories?post=3539"},{"taxonomy":"post_tag","embeddable":true,"href":"https:\/\/www.quintadaspalmeiras.pt\/portal1\/wp-json\/wp\/v2\/tags?post=3539"}],"curies":[{"name":"wp","href":"https:\/\/api.w.org\/{rel}","templated":true}]}}