{"id":3530,"date":"2025-12-09T10:49:09","date_gmt":"2025-12-09T10:49:09","guid":{"rendered":"https:\/\/www.quintadaspalmeiras.pt\/portal1\/?p=3530"},"modified":"2025-12-09T10:49:09","modified_gmt":"2025-12-09T10:49:09","slug":"dia-mundial-da-filosofia-4","status":"publish","type":"post","link":"https:\/\/www.quintadaspalmeiras.pt\/portal1\/2025\/12\/09\/dia-mundial-da-filosofia-4\/","title":{"rendered":"Dia Mundial da Filosofia"},"content":{"rendered":"<p><span style=\"font-size: large;\">O\u00a0Dia Mundial\u00a0da\u00a0Filosofia\u00a0assinala-<wbr \/>se todos os anos, na terceira quinta feira do m\u00eas de novembro. Este ano, o dia assinalou-se a 20 de novembro. Este\u00a0dia\u00a0foi decretado pela UNESCO\u00a0<\/span><span style=\"font-size: large;\">em 2002, como consequ\u00eancia do reconhecimento da import\u00e2ncia da reflex\u00e3o filos\u00f3fica para a forma\u00e7\u00e3o de esp\u00edritos livres, cr\u00edticos e informados. Trata-se de um\u00a0dia\u00a0que assinala a paz, por se entender que o di\u00e1logo e a capacidade de argumenta\u00e7\u00e3o fazem mais pela humanidade do que as armas e as guerras. Para assinalarmos o\u00a0dia\u00a0na nossa escola, desenvolvemos v\u00e1rias atividades subordinadas \u00e0 tem\u00e1tica\u00a0<i>Filosofia, Paz e Conflito<\/i>. Das diferentes atividades desenvolvidas, destacamos a proje\u00e7\u00e3o de um filme nas turmas de filosofia, a leitura de textos e reflex\u00f5es dos alunos nas salas de aula e na sala de professores e um Escape Room Filos\u00f3fico, dinamizado pelo N\u00facleo de Est\u00e1gio de Filosofia, sob a orienta\u00e7\u00e3o da Professora Mariluz Barata.<\/span><\/p>\n<p style=\"text-align: center;\"><img decoding=\"async\" class=\"alignnone  wp-image-3532 lazyload\" data-src=\"https:\/\/www.quintadaspalmeiras.pt\/portal1\/wp-content\/uploads\/2025\/12\/IMG-20251120-WA0011-225x300.jpg\" alt=\"\" width=\"592\" height=\"789\" data-srcset=\"https:\/\/www.quintadaspalmeiras.pt\/portal1\/wp-content\/uploads\/2025\/12\/IMG-20251120-WA0011-225x300.jpg 225w, https:\/\/www.quintadaspalmeiras.pt\/portal1\/wp-content\/uploads\/2025\/12\/IMG-20251120-WA0011-768x1024.jpg 768w, https:\/\/www.quintadaspalmeiras.pt\/portal1\/wp-content\/uploads\/2025\/12\/IMG-20251120-WA0011-1152x1536.jpg 1152w, https:\/\/www.quintadaspalmeiras.pt\/portal1\/wp-content\/uploads\/2025\/12\/IMG-20251120-WA0011-1200x1600.jpg 1200w, https:\/\/www.quintadaspalmeiras.pt\/portal1\/wp-content\/uploads\/2025\/12\/IMG-20251120-WA0011.jpg 1530w\" data-sizes=\"(max-width: 592px) 85vw, 592px\" src=\"data:image\/svg+xml;base64,PHN2ZyB3aWR0aD0iMSIgaGVpZ2h0PSIxIiB4bWxucz0iaHR0cDovL3d3dy53My5vcmcvMjAwMC9zdmciPjwvc3ZnPg==\" style=\"--smush-placeholder-width: 592px; --smush-placeholder-aspect-ratio: 592\/789;\" \/><\/p>\n","protected":false},"excerpt":{"rendered":"<p>O\u00a0Dia Mundial\u00a0da\u00a0Filosofia\u00a0assinala-se todos os anos, na terceira quinta feira do m\u00eas de novembro. Este ano, o dia assinalou-se a 20 de novembro. Este\u00a0dia\u00a0foi decretado pela UNESCO\u00a0em 2002, como consequ\u00eancia do reconhecimento da import\u00e2ncia da reflex\u00e3o filos\u00f3fica para a forma\u00e7\u00e3o de esp\u00edritos livres, cr\u00edticos e informados. Trata-se de um\u00a0dia\u00a0que assinala a paz, por se entender que &hellip; <a href=\"https:\/\/www.quintadaspalmeiras.pt\/portal1\/2025\/12\/09\/dia-mundial-da-filosofia-4\/\" class=\"more-link\">Continue reading<span class=\"screen-reader-text\"> &#8220;Dia Mundial da Filosofia&#8221;<\/span><\/a><\/p>\n","protected":false},"author":2,"featured_media":3531,"comment_status":"closed","ping_status":"closed","sticky":false,"template":"","format":"standard","meta":{"_angie_page":false,"_crdt_document":"","page_builder":"","footnotes":""},"categories":[1],"tags":[],"class_list":["post-3530","post","type-post","status-publish","format-standard","has-post-thumbnail","hentry","category-sem-categoria"],"_links":{"self":[{"href":"https:\/\/www.quintadaspalmeiras.pt\/portal1\/wp-json\/wp\/v2\/posts\/3530","targetHints":{"allow":["GET"]}}],"collection":[{"href":"https:\/\/www.quintadaspalmeiras.pt\/portal1\/wp-json\/wp\/v2\/posts"}],"about":[{"href":"https:\/\/www.quintadaspalmeiras.pt\/portal1\/wp-json\/wp\/v2\/types\/post"}],"author":[{"embeddable":true,"href":"https:\/\/www.quintadaspalmeiras.pt\/portal1\/wp-json\/wp\/v2\/users\/2"}],"replies":[{"embeddable":true,"href":"https:\/\/www.quintadaspalmeiras.pt\/portal1\/wp-json\/wp\/v2\/comments?post=3530"}],"version-history":[{"count":1,"href":"https:\/\/www.quintadaspalmeiras.pt\/portal1\/wp-json\/wp\/v2\/posts\/3530\/revisions"}],"predecessor-version":[{"id":3535,"href":"https:\/\/www.quintadaspalmeiras.pt\/portal1\/wp-json\/wp\/v2\/posts\/3530\/revisions\/3535"}],"wp:featuredmedia":[{"embeddable":true,"href":"https:\/\/www.quintadaspalmeiras.pt\/portal1\/wp-json\/wp\/v2\/media\/3531"}],"wp:attachment":[{"href":"https:\/\/www.quintadaspalmeiras.pt\/portal1\/wp-json\/wp\/v2\/media?parent=3530"}],"wp:term":[{"taxonomy":"category","embeddable":true,"href":"https:\/\/www.quintadaspalmeiras.pt\/portal1\/wp-json\/wp\/v2\/categories?post=3530"},{"taxonomy":"post_tag","embeddable":true,"href":"https:\/\/www.quintadaspalmeiras.pt\/portal1\/wp-json\/wp\/v2\/tags?post=3530"}],"curies":[{"name":"wp","href":"https:\/\/api.w.org\/{rel}","templated":true}]}}