{"id":3510,"date":"2025-12-04T12:14:42","date_gmt":"2025-12-04T12:14:42","guid":{"rendered":"https:\/\/www.quintadaspalmeiras.pt\/portal1\/?p=3510"},"modified":"2025-12-04T12:14:42","modified_gmt":"2025-12-04T12:14:42","slug":"projeto-ser","status":"publish","type":"post","link":"https:\/\/www.quintadaspalmeiras.pt\/portal1\/2025\/12\/04\/projeto-ser\/","title":{"rendered":"Projeto Ser +"},"content":{"rendered":"<p style=\"font-weight: 400;\">No dia 3 de dezembro, no \u00e2mbito do Projeto Ser + , um grupo de alunos do 10\u00ba M deslocou-se \u00e0 Santa Casa da Miseric\u00f3rdia da Covilh\u00e3 para partilharem momentos de conv\u00edvio com os utentes desta institui\u00e7\u00e3o. A atividade foi enriquecedora para todos os envolvidos.<\/p>\n<p>Para os nossos alunos foi uma oportunidade de se envolverem na comunidade, tomando conhecimento de uma realidade que muitos desconhecem.<\/p>\n<p>Para os utentes, este momento foi muito gratificante pois proporcionou mais uma oportunidade de partilha intergeracional.<\/p>\n<p style=\"text-align: center;\"><img decoding=\"async\" class=\"alignnone  wp-image-3513 lazyload\" data-src=\"https:\/\/www.quintadaspalmeiras.pt\/portal1\/wp-content\/uploads\/2025\/12\/Ser-foto1-225x300.jpg\" alt=\"\" width=\"691\" height=\"921\" data-srcset=\"https:\/\/www.quintadaspalmeiras.pt\/portal1\/wp-content\/uploads\/2025\/12\/Ser-foto1-225x300.jpg 225w, https:\/\/www.quintadaspalmeiras.pt\/portal1\/wp-content\/uploads\/2025\/12\/Ser-foto1-768x1024.jpg 768w, https:\/\/www.quintadaspalmeiras.pt\/portal1\/wp-content\/uploads\/2025\/12\/Ser-foto1.jpg 907w\" data-sizes=\"(max-width: 709px) 85vw, (max-width: 909px) 67vw, (max-width: 984px) 61vw, (max-width: 1362px) 45vw, 600px\" src=\"data:image\/svg+xml;base64,PHN2ZyB3aWR0aD0iMSIgaGVpZ2h0PSIxIiB4bWxucz0iaHR0cDovL3d3dy53My5vcmcvMjAwMC9zdmciPjwvc3ZnPg==\" style=\"--smush-placeholder-width: 691px; --smush-placeholder-aspect-ratio: 691\/921;\" \/><\/p>\n","protected":false},"excerpt":{"rendered":"<p>No dia 3 de dezembro, no \u00e2mbito do Projeto Ser + , um grupo de alunos do 10\u00ba M deslocou-se \u00e0 Santa Casa da Miseric\u00f3rdia da Covilh\u00e3 para partilharem momentos de conv\u00edvio com os utentes desta institui\u00e7\u00e3o. A atividade foi enriquecedora para todos os envolvidos. Para os nossos alunos foi uma oportunidade de se envolverem &hellip; <a href=\"https:\/\/www.quintadaspalmeiras.pt\/portal1\/2025\/12\/04\/projeto-ser\/\" class=\"more-link\">Continue reading<span class=\"screen-reader-text\"> &#8220;Projeto Ser +&#8221;<\/span><\/a><\/p>\n","protected":false},"author":2,"featured_media":3511,"comment_status":"closed","ping_status":"closed","sticky":false,"template":"","format":"standard","meta":{"_angie_page":false,"_crdt_document":"","page_builder":"","footnotes":""},"categories":[1],"tags":[],"class_list":["post-3510","post","type-post","status-publish","format-standard","has-post-thumbnail","hentry","category-sem-categoria"],"_links":{"self":[{"href":"https:\/\/www.quintadaspalmeiras.pt\/portal1\/wp-json\/wp\/v2\/posts\/3510","targetHints":{"allow":["GET"]}}],"collection":[{"href":"https:\/\/www.quintadaspalmeiras.pt\/portal1\/wp-json\/wp\/v2\/posts"}],"about":[{"href":"https:\/\/www.quintadaspalmeiras.pt\/portal1\/wp-json\/wp\/v2\/types\/post"}],"author":[{"embeddable":true,"href":"https:\/\/www.quintadaspalmeiras.pt\/portal1\/wp-json\/wp\/v2\/users\/2"}],"replies":[{"embeddable":true,"href":"https:\/\/www.quintadaspalmeiras.pt\/portal1\/wp-json\/wp\/v2\/comments?post=3510"}],"version-history":[{"count":1,"href":"https:\/\/www.quintadaspalmeiras.pt\/portal1\/wp-json\/wp\/v2\/posts\/3510\/revisions"}],"predecessor-version":[{"id":3515,"href":"https:\/\/www.quintadaspalmeiras.pt\/portal1\/wp-json\/wp\/v2\/posts\/3510\/revisions\/3515"}],"wp:featuredmedia":[{"embeddable":true,"href":"https:\/\/www.quintadaspalmeiras.pt\/portal1\/wp-json\/wp\/v2\/media\/3511"}],"wp:attachment":[{"href":"https:\/\/www.quintadaspalmeiras.pt\/portal1\/wp-json\/wp\/v2\/media?parent=3510"}],"wp:term":[{"taxonomy":"category","embeddable":true,"href":"https:\/\/www.quintadaspalmeiras.pt\/portal1\/wp-json\/wp\/v2\/categories?post=3510"},{"taxonomy":"post_tag","embeddable":true,"href":"https:\/\/www.quintadaspalmeiras.pt\/portal1\/wp-json\/wp\/v2\/tags?post=3510"}],"curies":[{"name":"wp","href":"https:\/\/api.w.org\/{rel}","templated":true}]}}