{"id":3501,"date":"2025-12-02T17:27:58","date_gmt":"2025-12-02T17:27:58","guid":{"rendered":"https:\/\/www.quintadaspalmeiras.pt\/portal1\/?p=3501"},"modified":"2025-12-02T17:27:58","modified_gmt":"2025-12-02T17:27:58","slug":"parlamento-dos-jovens-debate-com-o-deputado-nuno-fazenda-2","status":"publish","type":"post","link":"https:\/\/www.quintadaspalmeiras.pt\/portal1\/2025\/12\/02\/parlamento-dos-jovens-debate-com-o-deputado-nuno-fazenda-2\/","title":{"rendered":"Parlamento dos Jovens: Debate com o Deputado Nuno Fazenda"},"content":{"rendered":"<p>No \u00e2mbito do projeto nacional &#8220;Parlamento dos Jovens&#8221;, estar\u00e1 presente na nossa Escola o Senhor Deputado do PS Nuno Fazenda, eleito pelo c\u00edrculo eleitoral de Castelo Branco. O debate com os alunos da nossa escola que participam no Parlamento dos Jovens, decorrer\u00e1 no dia 9 de dezembro, ter\u00e7a feira, pelas 10h, no CTE. Este ano, o debate ser\u00e1 subordinado \u00e0 tem\u00e1tica &#8220;Literacia Financeira: os jovens CONTAM!<\/p>\n<p style=\"text-align: center;\"><a href=\"https:\/\/www.quintadaspalmeiras.pt\/portal1\/wp-content\/uploads\/2025\/12\/cartaz-PJS26.pdf\" class=\"pdfemb-viewer\" style=\"\" data-width=\"max\" data-height=\"max\" data-toolbar=\"bottom\" data-toolbar-fixed=\"off\">cartaz-PJS26<\/a><\/p>\n<p style=\"text-align: center;\">\n","protected":false},"excerpt":{"rendered":"<p>No \u00e2mbito do projeto nacional &#8220;Parlamento dos Jovens&#8221;, estar\u00e1 presente na nossa Escola o Senhor Deputado do PS Nuno Fazenda, eleito pelo c\u00edrculo eleitoral de Castelo Branco. O debate com os alunos da nossa escola que participam no Parlamento dos Jovens, decorrer\u00e1 no dia 9 de dezembro, ter\u00e7a feira, pelas 10h, no CTE. Este ano, &hellip; <a href=\"https:\/\/www.quintadaspalmeiras.pt\/portal1\/2025\/12\/02\/parlamento-dos-jovens-debate-com-o-deputado-nuno-fazenda-2\/\" class=\"more-link\">Continue reading<span class=\"screen-reader-text\"> &#8220;Parlamento dos Jovens: Debate com o Deputado Nuno Fazenda&#8221;<\/span><\/a><\/p>\n","protected":false},"author":2,"featured_media":3503,"comment_status":"closed","ping_status":"closed","sticky":false,"template":"","format":"standard","meta":{"_angie_page":false,"_crdt_document":"","page_builder":"","footnotes":""},"categories":[1],"tags":[],"class_list":["post-3501","post","type-post","status-publish","format-standard","has-post-thumbnail","hentry","category-sem-categoria"],"_links":{"self":[{"href":"https:\/\/www.quintadaspalmeiras.pt\/portal1\/wp-json\/wp\/v2\/posts\/3501","targetHints":{"allow":["GET"]}}],"collection":[{"href":"https:\/\/www.quintadaspalmeiras.pt\/portal1\/wp-json\/wp\/v2\/posts"}],"about":[{"href":"https:\/\/www.quintadaspalmeiras.pt\/portal1\/wp-json\/wp\/v2\/types\/post"}],"author":[{"embeddable":true,"href":"https:\/\/www.quintadaspalmeiras.pt\/portal1\/wp-json\/wp\/v2\/users\/2"}],"replies":[{"embeddable":true,"href":"https:\/\/www.quintadaspalmeiras.pt\/portal1\/wp-json\/wp\/v2\/comments?post=3501"}],"version-history":[{"count":1,"href":"https:\/\/www.quintadaspalmeiras.pt\/portal1\/wp-json\/wp\/v2\/posts\/3501\/revisions"}],"predecessor-version":[{"id":3505,"href":"https:\/\/www.quintadaspalmeiras.pt\/portal1\/wp-json\/wp\/v2\/posts\/3501\/revisions\/3505"}],"wp:featuredmedia":[{"embeddable":true,"href":"https:\/\/www.quintadaspalmeiras.pt\/portal1\/wp-json\/wp\/v2\/media\/3503"}],"wp:attachment":[{"href":"https:\/\/www.quintadaspalmeiras.pt\/portal1\/wp-json\/wp\/v2\/media?parent=3501"}],"wp:term":[{"taxonomy":"category","embeddable":true,"href":"https:\/\/www.quintadaspalmeiras.pt\/portal1\/wp-json\/wp\/v2\/categories?post=3501"},{"taxonomy":"post_tag","embeddable":true,"href":"https:\/\/www.quintadaspalmeiras.pt\/portal1\/wp-json\/wp\/v2\/tags?post=3501"}],"curies":[{"name":"wp","href":"https:\/\/api.w.org\/{rel}","templated":true}]}}