{"id":3465,"date":"2025-12-02T10:44:30","date_gmt":"2025-12-02T10:44:30","guid":{"rendered":"https:\/\/www.quintadaspalmeiras.pt\/portal1\/?p=3465"},"modified":"2025-12-02T10:44:30","modified_gmt":"2025-12-02T10:44:30","slug":"badminton-iniciados-1a-competicao-distrital","status":"publish","type":"post","link":"https:\/\/www.quintadaspalmeiras.pt\/portal1\/2025\/12\/02\/badminton-iniciados-1a-competicao-distrital\/","title":{"rendered":"Badminton iniciados &#8211; 1\u00aa competi\u00e7\u00e3o distrital"},"content":{"rendered":"<p>O grupo equipa de badminton (iniciados) participou no dia 28 de novembro na 1\u201d competi\u00e7\u00e3o distrital. A prova decorreu na escola A L\u00e3 e a neve. Destaque para o excelente desempenho e comportamento dos nossos alunos. A todos muitos parab\u00e9ns!<\/p>\n<div id='gallery-1' class='gallery galleryid-3465 gallery-columns-1 gallery-size-large'><figure class='gallery-item'>\n\t\t\t<div class='gallery-icon landscape'>\n\t\t\t\t<img decoding=\"async\" width=\"1024\" height=\"768\" data-src=\"https:\/\/www.quintadaspalmeiras.pt\/portal1\/wp-content\/uploads\/2025\/12\/PHOTO-2025-11-28-17-47-51-1024x768.jpg\" class=\"attachment-large size-large lazyload\" alt=\"\" data-srcset=\"https:\/\/www.quintadaspalmeiras.pt\/portal1\/wp-content\/uploads\/2025\/12\/PHOTO-2025-11-28-17-47-51-1024x768.jpg 1024w, https:\/\/www.quintadaspalmeiras.pt\/portal1\/wp-content\/uploads\/2025\/12\/PHOTO-2025-11-28-17-47-51-300x225.jpg 300w, https:\/\/www.quintadaspalmeiras.pt\/portal1\/wp-content\/uploads\/2025\/12\/PHOTO-2025-11-28-17-47-51-768x576.jpg 768w, https:\/\/www.quintadaspalmeiras.pt\/portal1\/wp-content\/uploads\/2025\/12\/PHOTO-2025-11-28-17-47-51-1536x1152.jpg 1536w, https:\/\/www.quintadaspalmeiras.pt\/portal1\/wp-content\/uploads\/2025\/12\/PHOTO-2025-11-28-17-47-51-1200x900.jpg 1200w, https:\/\/www.quintadaspalmeiras.pt\/portal1\/wp-content\/uploads\/2025\/12\/PHOTO-2025-11-28-17-47-51.jpg 1600w\" data-sizes=\"(max-width: 709px) 85vw, (max-width: 909px) 67vw, (max-width: 1362px) 62vw, 840px\" src=\"data:image\/svg+xml;base64,PHN2ZyB3aWR0aD0iMSIgaGVpZ2h0PSIxIiB4bWxucz0iaHR0cDovL3d3dy53My5vcmcvMjAwMC9zdmciPjwvc3ZnPg==\" style=\"--smush-placeholder-width: 1024px; --smush-placeholder-aspect-ratio: 1024\/768;\" \/>\n\t\t\t<\/div><\/figure><figure class='gallery-item'>\n\t\t\t<div class='gallery-icon landscape'>\n\t\t\t\t<img decoding=\"async\" width=\"1024\" height=\"768\" data-src=\"https:\/\/www.quintadaspalmeiras.pt\/portal1\/wp-content\/uploads\/2025\/12\/PHOTO-2025-11-28-17-47-51-7-1024x768.jpg\" class=\"attachment-large size-large lazyload\" alt=\"\" data-srcset=\"https:\/\/www.quintadaspalmeiras.pt\/portal1\/wp-content\/uploads\/2025\/12\/PHOTO-2025-11-28-17-47-51-7-1024x768.jpg 1024w, https:\/\/www.quintadaspalmeiras.pt\/portal1\/wp-content\/uploads\/2025\/12\/PHOTO-2025-11-28-17-47-51-7-300x225.jpg 300w, https:\/\/www.quintadaspalmeiras.pt\/portal1\/wp-content\/uploads\/2025\/12\/PHOTO-2025-11-28-17-47-51-7-768x576.jpg 768w, https:\/\/www.quintadaspalmeiras.pt\/portal1\/wp-content\/uploads\/2025\/12\/PHOTO-2025-11-28-17-47-51-7-1536x1152.jpg 1536w, https:\/\/www.quintadaspalmeiras.pt\/portal1\/wp-content\/uploads\/2025\/12\/PHOTO-2025-11-28-17-47-51-7-1200x900.jpg 1200w, https:\/\/www.quintadaspalmeiras.pt\/portal1\/wp-content\/uploads\/2025\/12\/PHOTO-2025-11-28-17-47-51-7.jpg 1600w\" data-sizes=\"(max-width: 709px) 85vw, (max-width: 909px) 67vw, (max-width: 1362px) 62vw, 840px\" src=\"data:image\/svg+xml;base64,PHN2ZyB3aWR0aD0iMSIgaGVpZ2h0PSIxIiB4bWxucz0iaHR0cDovL3d3dy53My5vcmcvMjAwMC9zdmciPjwvc3ZnPg==\" style=\"--smush-placeholder-width: 1024px; --smush-placeholder-aspect-ratio: 1024\/768;\" \/>\n\t\t\t<\/div><\/figure><figure class='gallery-item'>\n\t\t\t<div class='gallery-icon landscape'>\n\t\t\t\t<img decoding=\"async\" width=\"1024\" height=\"768\" data-src=\"https:\/\/www.quintadaspalmeiras.pt\/portal1\/wp-content\/uploads\/2025\/12\/PHOTO-2025-11-28-17-47-51-4-1024x768.jpg\" class=\"attachment-large size-large lazyload\" alt=\"\" data-srcset=\"https:\/\/www.quintadaspalmeiras.pt\/portal1\/wp-content\/uploads\/2025\/12\/PHOTO-2025-11-28-17-47-51-4-1024x768.jpg 1024w, https:\/\/www.quintadaspalmeiras.pt\/portal1\/wp-content\/uploads\/2025\/12\/PHOTO-2025-11-28-17-47-51-4-300x225.jpg 300w, https:\/\/www.quintadaspalmeiras.pt\/portal1\/wp-content\/uploads\/2025\/12\/PHOTO-2025-11-28-17-47-51-4-768x576.jpg 768w, https:\/\/www.quintadaspalmeiras.pt\/portal1\/wp-content\/uploads\/2025\/12\/PHOTO-2025-11-28-17-47-51-4-1536x1152.jpg 1536w, https:\/\/www.quintadaspalmeiras.pt\/portal1\/wp-content\/uploads\/2025\/12\/PHOTO-2025-11-28-17-47-51-4-1200x900.jpg 1200w, https:\/\/www.quintadaspalmeiras.pt\/portal1\/wp-content\/uploads\/2025\/12\/PHOTO-2025-11-28-17-47-51-4.jpg 1600w\" data-sizes=\"(max-width: 709px) 85vw, (max-width: 909px) 67vw, (max-width: 1362px) 62vw, 840px\" src=\"data:image\/svg+xml;base64,PHN2ZyB3aWR0aD0iMSIgaGVpZ2h0PSIxIiB4bWxucz0iaHR0cDovL3d3dy53My5vcmcvMjAwMC9zdmciPjwvc3ZnPg==\" style=\"--smush-placeholder-width: 1024px; --smush-placeholder-aspect-ratio: 1024\/768;\" \/>\n\t\t\t<\/div><\/figure><figure class='gallery-item'>\n\t\t\t<div class='gallery-icon landscape'>\n\t\t\t\t<img decoding=\"async\" width=\"1024\" height=\"768\" data-src=\"https:\/\/www.quintadaspalmeiras.pt\/portal1\/wp-content\/uploads\/2025\/12\/PHOTO-2025-11-28-17-47-51-2-1024x768.jpg\" class=\"attachment-large size-large lazyload\" alt=\"\" data-srcset=\"https:\/\/www.quintadaspalmeiras.pt\/portal1\/wp-content\/uploads\/2025\/12\/PHOTO-2025-11-28-17-47-51-2-1024x768.jpg 1024w, https:\/\/www.quintadaspalmeiras.pt\/portal1\/wp-content\/uploads\/2025\/12\/PHOTO-2025-11-28-17-47-51-2-300x225.jpg 300w, https:\/\/www.quintadaspalmeiras.pt\/portal1\/wp-content\/uploads\/2025\/12\/PHOTO-2025-11-28-17-47-51-2-768x576.jpg 768w, https:\/\/www.quintadaspalmeiras.pt\/portal1\/wp-content\/uploads\/2025\/12\/PHOTO-2025-11-28-17-47-51-2-1536x1152.jpg 1536w, https:\/\/www.quintadaspalmeiras.pt\/portal1\/wp-content\/uploads\/2025\/12\/PHOTO-2025-11-28-17-47-51-2-1200x900.jpg 1200w, https:\/\/www.quintadaspalmeiras.pt\/portal1\/wp-content\/uploads\/2025\/12\/PHOTO-2025-11-28-17-47-51-2.jpg 1600w\" data-sizes=\"(max-width: 709px) 85vw, (max-width: 909px) 67vw, (max-width: 1362px) 62vw, 840px\" src=\"data:image\/svg+xml;base64,PHN2ZyB3aWR0aD0iMSIgaGVpZ2h0PSIxIiB4bWxucz0iaHR0cDovL3d3dy53My5vcmcvMjAwMC9zdmciPjwvc3ZnPg==\" style=\"--smush-placeholder-width: 1024px; --smush-placeholder-aspect-ratio: 1024\/768;\" \/>\n\t\t\t<\/div><\/figure>\n\t\t<\/div>\n\n","protected":false},"excerpt":{"rendered":"<p>O grupo equipa de badminton (iniciados) participou no dia 28 de novembro na 1\u201d competi\u00e7\u00e3o distrital. A prova decorreu na escola A L\u00e3 e a neve. Destaque para o excelente desempenho e comportamento dos nossos alunos. A todos muitos parab\u00e9ns!<\/p>\n","protected":false},"author":2,"featured_media":3470,"comment_status":"closed","ping_status":"closed","sticky":false,"template":"","format":"standard","meta":{"_angie_page":false,"_crdt_document":"","page_builder":"","footnotes":""},"categories":[1],"tags":[],"class_list":["post-3465","post","type-post","status-publish","format-standard","has-post-thumbnail","hentry","category-sem-categoria"],"_links":{"self":[{"href":"https:\/\/www.quintadaspalmeiras.pt\/portal1\/wp-json\/wp\/v2\/posts\/3465","targetHints":{"allow":["GET"]}}],"collection":[{"href":"https:\/\/www.quintadaspalmeiras.pt\/portal1\/wp-json\/wp\/v2\/posts"}],"about":[{"href":"https:\/\/www.quintadaspalmeiras.pt\/portal1\/wp-json\/wp\/v2\/types\/post"}],"author":[{"embeddable":true,"href":"https:\/\/www.quintadaspalmeiras.pt\/portal1\/wp-json\/wp\/v2\/users\/2"}],"replies":[{"embeddable":true,"href":"https:\/\/www.quintadaspalmeiras.pt\/portal1\/wp-json\/wp\/v2\/comments?post=3465"}],"version-history":[{"count":1,"href":"https:\/\/www.quintadaspalmeiras.pt\/portal1\/wp-json\/wp\/v2\/posts\/3465\/revisions"}],"predecessor-version":[{"id":3476,"href":"https:\/\/www.quintadaspalmeiras.pt\/portal1\/wp-json\/wp\/v2\/posts\/3465\/revisions\/3476"}],"wp:featuredmedia":[{"embeddable":true,"href":"https:\/\/www.quintadaspalmeiras.pt\/portal1\/wp-json\/wp\/v2\/media\/3470"}],"wp:attachment":[{"href":"https:\/\/www.quintadaspalmeiras.pt\/portal1\/wp-json\/wp\/v2\/media?parent=3465"}],"wp:term":[{"taxonomy":"category","embeddable":true,"href":"https:\/\/www.quintadaspalmeiras.pt\/portal1\/wp-json\/wp\/v2\/categories?post=3465"},{"taxonomy":"post_tag","embeddable":true,"href":"https:\/\/www.quintadaspalmeiras.pt\/portal1\/wp-json\/wp\/v2\/tags?post=3465"}],"curies":[{"name":"wp","href":"https:\/\/api.w.org\/{rel}","templated":true}]}}