{"id":3457,"date":"2025-11-28T12:11:01","date_gmt":"2025-11-28T12:11:01","guid":{"rendered":"https:\/\/www.quintadaspalmeiras.pt\/portal1\/?p=3457"},"modified":"2025-11-28T12:12:08","modified_gmt":"2025-11-28T12:12:08","slug":"escape-room-inclusivo","status":"publish","type":"post","link":"https:\/\/www.quintadaspalmeiras.pt\/portal1\/2025\/11\/28\/escape-room-inclusivo\/","title":{"rendered":"ESCAPE ROOM INCLUSIVO"},"content":{"rendered":"<p><strong>ESCAPE ROOM INCLUSIVO \u2014 Inscreve-te, s\u00ea o mais r\u00e1pido e ganha o pr\u00e9mio!<\/strong><\/p>\n<p>Para assinalar o\u00a0<strong>Dia Internacional da Pessoa com Defici\u00eancia<\/strong>, o\u00a0<strong>Departamento de Educa\u00e7\u00e3o Especial<\/strong>\u00a0promove a\u00a0<strong>Semana da Inclus\u00e3o<\/strong>.<br \/>\nNeste \u00e2mbito, desafiamos-te a participar no nosso\u00a0<strong>Escape Room Inclusivo<\/strong>, no dia\u00a0<strong>2 de dezembro<\/strong>.<\/p>\n<p><strong><img decoding=\"async\" class=\"an1 CToWUd lazyload\" draggable=\"false\" data-src=\"https:\/\/fonts.gstatic.com\/s\/e\/notoemoji\/16.0\/1f4cd\/32.png\" alt=\"\ud83d\udccd\" data-emoji=\"\ud83d\udccd\" aria-label=\"\ud83d\udccd\" data-bit=\"iit\" src=\"data:image\/svg+xml;base64,PHN2ZyB3aWR0aD0iMSIgaGVpZ2h0PSIxIiB4bWxucz0iaHR0cDovL3d3dy53My5vcmcvMjAwMC9zdmciPjwvc3ZnPg==\" \/>\u00a0O local?<\/strong>\u00a0Totalmente\u00a0<strong>secreto<\/strong>&#8230; s\u00f3 os inscritos o ir\u00e3o descobrir!<br \/>\n<strong><img decoding=\"async\" class=\"an1 CToWUd lazyload\" draggable=\"false\" data-src=\"https:\/\/fonts.gstatic.com\/s\/e\/notoemoji\/16.0\/1f465\/32.png\" alt=\"\ud83d\udc65\" data-emoji=\"\ud83d\udc65\" aria-label=\"\ud83d\udc65\" data-bit=\"iit\" src=\"data:image\/svg+xml;base64,PHN2ZyB3aWR0aD0iMSIgaGVpZ2h0PSIxIiB4bWxucz0iaHR0cDovL3d3dy53My5vcmcvMjAwMC9zdmciPjwvc3ZnPg==\" \/>\u00a0Vagas limitadas:<\/strong>\u00a0apenas\u00a0<strong>30 participantes<\/strong>.<br \/>\n<strong><img decoding=\"async\" class=\"an1 CToWUd lazyload\" draggable=\"false\" data-src=\"https:\/\/fonts.gstatic.com\/s\/e\/notoemoji\/16.0\/1f381\/32.png\" alt=\"\ud83c\udf81\" data-emoji=\"\ud83c\udf81\" aria-label=\"\ud83c\udf81\" data-bit=\"iit\" src=\"data:image\/svg+xml;base64,PHN2ZyB3aWR0aD0iMSIgaGVpZ2h0PSIxIiB4bWxucz0iaHR0cDovL3d3dy53My5vcmcvMjAwMC9zdmciPjwvc3ZnPg==\" \/>\u00a0Recompensa:<\/strong>\u00a0os mais r\u00e1pidos levam o pr\u00e9mio!<\/p>\n<p>E ent\u00e3o\u2026\u00a0<strong>atreves-te a entrar no desafio?\u00a0 <a href=\"https:\/\/docs.google.com\/forms\/d\/e\/1FAIpQLSevlXN35brOTc5tDGItvbowL_vfXTI2K7oNGpt0VTPuGZDZ1w\/viewform?usp=dialog\" target=\"_blank\" rel=\"noopener\">INSCREVE-TE AQUI&#8230;<\/a><\/strong><\/p>\n<p style=\"text-align: center;\"><img decoding=\"async\" class=\"alignnone wp-image-3458 lazyload\" data-src=\"https:\/\/www.quintadaspalmeiras.pt\/portal1\/wp-content\/uploads\/2025\/11\/Cartaz-Escape-Room-Misterio-e-Inclusao-1-212x300.png\" alt=\"\" width=\"686\" height=\"971\" data-srcset=\"https:\/\/www.quintadaspalmeiras.pt\/portal1\/wp-content\/uploads\/2025\/11\/Cartaz-Escape-Room-Misterio-e-Inclusao-1-212x300.png 212w, https:\/\/www.quintadaspalmeiras.pt\/portal1\/wp-content\/uploads\/2025\/11\/Cartaz-Escape-Room-Misterio-e-Inclusao-1-724x1024.png 724w, https:\/\/www.quintadaspalmeiras.pt\/portal1\/wp-content\/uploads\/2025\/11\/Cartaz-Escape-Room-Misterio-e-Inclusao-1-768x1087.png 768w, https:\/\/www.quintadaspalmeiras.pt\/portal1\/wp-content\/uploads\/2025\/11\/Cartaz-Escape-Room-Misterio-e-Inclusao-1.png 793w\" data-sizes=\"(max-width: 709px) 85vw, (max-width: 909px) 67vw, (max-width: 984px) 61vw, (max-width: 1362px) 45vw, 600px\" src=\"data:image\/svg+xml;base64,PHN2ZyB3aWR0aD0iMSIgaGVpZ2h0PSIxIiB4bWxucz0iaHR0cDovL3d3dy53My5vcmcvMjAwMC9zdmciPjwvc3ZnPg==\" style=\"--smush-placeholder-width: 686px; --smush-placeholder-aspect-ratio: 686\/971;\" \/><\/p>\n","protected":false},"excerpt":{"rendered":"<p>ESCAPE ROOM INCLUSIVO \u2014 Inscreve-te, s\u00ea o mais r\u00e1pido e ganha o pr\u00e9mio! Para assinalar o\u00a0Dia Internacional da Pessoa com Defici\u00eancia, o\u00a0Departamento de Educa\u00e7\u00e3o Especial\u00a0promove a\u00a0Semana da Inclus\u00e3o. Neste \u00e2mbito, desafiamos-te a participar no nosso\u00a0Escape Room Inclusivo, no dia\u00a02 de dezembro. \u00a0O local?\u00a0Totalmente\u00a0secreto&#8230; s\u00f3 os inscritos o ir\u00e3o descobrir! \u00a0Vagas limitadas:\u00a0apenas\u00a030 participantes. \u00a0Recompensa:\u00a0os mais r\u00e1pidos &hellip; <a href=\"https:\/\/www.quintadaspalmeiras.pt\/portal1\/2025\/11\/28\/escape-room-inclusivo\/\" class=\"more-link\">Continue reading<span class=\"screen-reader-text\"> &#8220;ESCAPE ROOM INCLUSIVO&#8221;<\/span><\/a><\/p>\n","protected":false},"author":2,"featured_media":3460,"comment_status":"closed","ping_status":"closed","sticky":false,"template":"","format":"standard","meta":{"_angie_page":false,"_crdt_document":"","page_builder":"","footnotes":""},"categories":[1],"tags":[],"class_list":["post-3457","post","type-post","status-publish","format-standard","has-post-thumbnail","hentry","category-sem-categoria"],"_links":{"self":[{"href":"https:\/\/www.quintadaspalmeiras.pt\/portal1\/wp-json\/wp\/v2\/posts\/3457","targetHints":{"allow":["GET"]}}],"collection":[{"href":"https:\/\/www.quintadaspalmeiras.pt\/portal1\/wp-json\/wp\/v2\/posts"}],"about":[{"href":"https:\/\/www.quintadaspalmeiras.pt\/portal1\/wp-json\/wp\/v2\/types\/post"}],"author":[{"embeddable":true,"href":"https:\/\/www.quintadaspalmeiras.pt\/portal1\/wp-json\/wp\/v2\/users\/2"}],"replies":[{"embeddable":true,"href":"https:\/\/www.quintadaspalmeiras.pt\/portal1\/wp-json\/wp\/v2\/comments?post=3457"}],"version-history":[{"count":2,"href":"https:\/\/www.quintadaspalmeiras.pt\/portal1\/wp-json\/wp\/v2\/posts\/3457\/revisions"}],"predecessor-version":[{"id":3463,"href":"https:\/\/www.quintadaspalmeiras.pt\/portal1\/wp-json\/wp\/v2\/posts\/3457\/revisions\/3463"}],"wp:featuredmedia":[{"embeddable":true,"href":"https:\/\/www.quintadaspalmeiras.pt\/portal1\/wp-json\/wp\/v2\/media\/3460"}],"wp:attachment":[{"href":"https:\/\/www.quintadaspalmeiras.pt\/portal1\/wp-json\/wp\/v2\/media?parent=3457"}],"wp:term":[{"taxonomy":"category","embeddable":true,"href":"https:\/\/www.quintadaspalmeiras.pt\/portal1\/wp-json\/wp\/v2\/categories?post=3457"},{"taxonomy":"post_tag","embeddable":true,"href":"https:\/\/www.quintadaspalmeiras.pt\/portal1\/wp-json\/wp\/v2\/tags?post=3457"}],"curies":[{"name":"wp","href":"https:\/\/api.w.org\/{rel}","templated":true}]}}