{"id":3447,"date":"2025-11-28T11:55:40","date_gmt":"2025-11-28T11:55:40","guid":{"rendered":"https:\/\/www.quintadaspalmeiras.pt\/portal1\/?p=3447"},"modified":"2025-11-28T11:55:40","modified_gmt":"2025-11-28T11:55:40","slug":"palestra-a-poupanca-e-os-instrumentos-do-mercado-de-capitais-2","status":"publish","type":"post","link":"https:\/\/www.quintadaspalmeiras.pt\/portal1\/2025\/11\/28\/palestra-a-poupanca-e-os-instrumentos-do-mercado-de-capitais-2\/","title":{"rendered":"Palestra \u201c A poupan\u00e7a e os instrumentos do mercado de capitais\u201d"},"content":{"rendered":"<p>Para assinalar o dia mundial da poupan\u00e7a, dia 31 de outubro, os docentes do grupo disciplinar de Economia e Contabilidade dinamizaram uma palestra, no dia 27 de outubro, intitulada \u201c A poupan\u00e7a e os instrumentos do mercado de capitais\u201d com a colabora\u00e7\u00e3o do convidado, Prof. (Mestre), Joaquim Sim\u00e3o Duarte docente do Instituto Polit\u00e9cnico de Leiria, Escola Superior de Tecnologia e Gest\u00e3o, Departamento de Gest\u00e3o e Economia e licenciado pela Universidade da Beira Interior.<\/p>\n<p>Esta a\u00e7\u00e3o tem como principal objetivo sensibilizar os destinat\u00e1rios, alunos do 10\u00baano, para a instrumentaliza\u00e7\u00e3o do mercado de capitais, \u201coportunidades e riscos\u201d, e a import\u00e2ncia da poupan\u00e7a que ser\u00e1 canalizada pelos investidores ou pelas institui\u00e7\u00f5es financeiras para o investimento e, consequente, aumento da capacidade produtiva e do crescimento econ\u00f3mico (cria\u00e7\u00e3o de riqueza).<\/p>\n<div id='gallery-1' class='gallery galleryid-3447 gallery-columns-1 gallery-size-large'><figure class='gallery-item'>\n\t\t\t<div class='gallery-icon portrait'>\n\t\t\t\t<img decoding=\"async\" width=\"768\" height=\"1024\" data-src=\"https:\/\/www.quintadaspalmeiras.pt\/portal1\/wp-content\/uploads\/2025\/11\/1000012766-768x1024.jpg\" class=\"attachment-large size-large lazyload\" alt=\"\" data-srcset=\"https:\/\/www.quintadaspalmeiras.pt\/portal1\/wp-content\/uploads\/2025\/11\/1000012766-768x1024.jpg 768w, https:\/\/www.quintadaspalmeiras.pt\/portal1\/wp-content\/uploads\/2025\/11\/1000012766-225x300.jpg 225w, https:\/\/www.quintadaspalmeiras.pt\/portal1\/wp-content\/uploads\/2025\/11\/1000012766.jpg 900w\" data-sizes=\"(max-width: 709px) 85vw, (max-width: 909px) 67vw, (max-width: 984px) 61vw, (max-width: 1362px) 45vw, 600px\" src=\"data:image\/svg+xml;base64,PHN2ZyB3aWR0aD0iMSIgaGVpZ2h0PSIxIiB4bWxucz0iaHR0cDovL3d3dy53My5vcmcvMjAwMC9zdmciPjwvc3ZnPg==\" style=\"--smush-placeholder-width: 768px; --smush-placeholder-aspect-ratio: 768\/1024;\" \/>\n\t\t\t<\/div><\/figure><figure class='gallery-item'>\n\t\t\t<div class='gallery-icon portrait'>\n\t\t\t\t<img decoding=\"async\" width=\"768\" height=\"1024\" data-src=\"https:\/\/www.quintadaspalmeiras.pt\/portal1\/wp-content\/uploads\/2025\/11\/1000012765-768x1024.jpg\" class=\"attachment-large size-large lazyload\" alt=\"\" data-srcset=\"https:\/\/www.quintadaspalmeiras.pt\/portal1\/wp-content\/uploads\/2025\/11\/1000012765-768x1024.jpg 768w, https:\/\/www.quintadaspalmeiras.pt\/portal1\/wp-content\/uploads\/2025\/11\/1000012765-225x300.jpg 225w, https:\/\/www.quintadaspalmeiras.pt\/portal1\/wp-content\/uploads\/2025\/11\/1000012765.jpg 900w\" data-sizes=\"(max-width: 709px) 85vw, (max-width: 909px) 67vw, (max-width: 984px) 61vw, (max-width: 1362px) 45vw, 600px\" src=\"data:image\/svg+xml;base64,PHN2ZyB3aWR0aD0iMSIgaGVpZ2h0PSIxIiB4bWxucz0iaHR0cDovL3d3dy53My5vcmcvMjAwMC9zdmciPjwvc3ZnPg==\" style=\"--smush-placeholder-width: 768px; --smush-placeholder-aspect-ratio: 768\/1024;\" \/>\n\t\t\t<\/div><\/figure><figure class='gallery-item'>\n\t\t\t<div class='gallery-icon portrait'>\n\t\t\t\t<img decoding=\"async\" width=\"768\" height=\"1024\" data-src=\"https:\/\/www.quintadaspalmeiras.pt\/portal1\/wp-content\/uploads\/2025\/11\/1000012764-768x1024.jpg\" class=\"attachment-large size-large lazyload\" alt=\"\" data-srcset=\"https:\/\/www.quintadaspalmeiras.pt\/portal1\/wp-content\/uploads\/2025\/11\/1000012764-768x1024.jpg 768w, https:\/\/www.quintadaspalmeiras.pt\/portal1\/wp-content\/uploads\/2025\/11\/1000012764-225x300.jpg 225w, https:\/\/www.quintadaspalmeiras.pt\/portal1\/wp-content\/uploads\/2025\/11\/1000012764.jpg 900w\" data-sizes=\"(max-width: 709px) 85vw, (max-width: 909px) 67vw, (max-width: 984px) 61vw, (max-width: 1362px) 45vw, 600px\" src=\"data:image\/svg+xml;base64,PHN2ZyB3aWR0aD0iMSIgaGVpZ2h0PSIxIiB4bWxucz0iaHR0cDovL3d3dy53My5vcmcvMjAwMC9zdmciPjwvc3ZnPg==\" style=\"--smush-placeholder-width: 768px; --smush-placeholder-aspect-ratio: 768\/1024;\" \/>\n\t\t\t<\/div><\/figure>\n\t\t<\/div>\n\n","protected":false},"excerpt":{"rendered":"<p>Para assinalar o dia mundial da poupan\u00e7a, dia 31 de outubro, os docentes do grupo disciplinar de Economia e Contabilidade dinamizaram uma palestra, no dia 27 de outubro, intitulada \u201c A poupan\u00e7a e os instrumentos do mercado de capitais\u201d com a colabora\u00e7\u00e3o do convidado, Prof. (Mestre), Joaquim Sim\u00e3o Duarte docente do Instituto Polit\u00e9cnico de Leiria, &hellip; <a href=\"https:\/\/www.quintadaspalmeiras.pt\/portal1\/2025\/11\/28\/palestra-a-poupanca-e-os-instrumentos-do-mercado-de-capitais-2\/\" class=\"more-link\">Continue reading<span class=\"screen-reader-text\"> &#8220;Palestra \u201c A poupan\u00e7a e os instrumentos do mercado de capitais\u201d&#8221;<\/span><\/a><\/p>\n","protected":false},"author":2,"featured_media":3451,"comment_status":"closed","ping_status":"closed","sticky":false,"template":"","format":"standard","meta":{"_angie_page":false,"_crdt_document":"","page_builder":"","footnotes":""},"categories":[1],"tags":[],"class_list":["post-3447","post","type-post","status-publish","format-standard","has-post-thumbnail","hentry","category-sem-categoria"],"_links":{"self":[{"href":"https:\/\/www.quintadaspalmeiras.pt\/portal1\/wp-json\/wp\/v2\/posts\/3447","targetHints":{"allow":["GET"]}}],"collection":[{"href":"https:\/\/www.quintadaspalmeiras.pt\/portal1\/wp-json\/wp\/v2\/posts"}],"about":[{"href":"https:\/\/www.quintadaspalmeiras.pt\/portal1\/wp-json\/wp\/v2\/types\/post"}],"author":[{"embeddable":true,"href":"https:\/\/www.quintadaspalmeiras.pt\/portal1\/wp-json\/wp\/v2\/users\/2"}],"replies":[{"embeddable":true,"href":"https:\/\/www.quintadaspalmeiras.pt\/portal1\/wp-json\/wp\/v2\/comments?post=3447"}],"version-history":[{"count":1,"href":"https:\/\/www.quintadaspalmeiras.pt\/portal1\/wp-json\/wp\/v2\/posts\/3447\/revisions"}],"predecessor-version":[{"id":3456,"href":"https:\/\/www.quintadaspalmeiras.pt\/portal1\/wp-json\/wp\/v2\/posts\/3447\/revisions\/3456"}],"wp:featuredmedia":[{"embeddable":true,"href":"https:\/\/www.quintadaspalmeiras.pt\/portal1\/wp-json\/wp\/v2\/media\/3451"}],"wp:attachment":[{"href":"https:\/\/www.quintadaspalmeiras.pt\/portal1\/wp-json\/wp\/v2\/media?parent=3447"}],"wp:term":[{"taxonomy":"category","embeddable":true,"href":"https:\/\/www.quintadaspalmeiras.pt\/portal1\/wp-json\/wp\/v2\/categories?post=3447"},{"taxonomy":"post_tag","embeddable":true,"href":"https:\/\/www.quintadaspalmeiras.pt\/portal1\/wp-json\/wp\/v2\/tags?post=3447"}],"curies":[{"name":"wp","href":"https:\/\/api.w.org\/{rel}","templated":true}]}}