{"id":3431,"date":"2025-11-24T11:02:17","date_gmt":"2025-11-24T11:02:17","guid":{"rendered":"https:\/\/www.quintadaspalmeiras.pt\/portal1\/?p=3431"},"modified":"2025-11-26T11:08:35","modified_gmt":"2025-11-26T11:08:35","slug":"semana-da-cultura-cientifica-3","status":"publish","type":"post","link":"https:\/\/www.quintadaspalmeiras.pt\/portal1\/2025\/11\/24\/semana-da-cultura-cientifica-3\/","title":{"rendered":"Semana da Cultura Cient\u00edfica"},"content":{"rendered":"<div>\n<p>24 de novembro, Dia Nacional da Cultura Cient\u00edfica, \u00e9 o in\u00edcio da semana dedicada \u00e0 ci\u00eancia e \u00e0 tecnologia, que conta com um conjunto de atividades a desenvolver na escola. Paralelamente a equipa da BE prop\u00f5e a divulga\u00e7\u00e3o di\u00e1ria, durante esta semana, de 5 v\u00eddeos que celebram a rela\u00e7\u00e3o entre a literatura e a ci\u00eancia.<\/p>\n<\/div>\n<div><\/div>\n<div style=\"text-align: center;\">\n<div style=\"width: 520px;\" class=\"wp-video\"><video class=\"wp-video-shortcode\" id=\"video-3431-1\" width=\"520\" height=\"1080\" preload=\"metadata\" controls=\"controls\"><source type=\"video\/mp4\" src=\"https:\/\/www.quintadaspalmeiras.pt\/portal1\/wp-content\/uploads\/2025\/11\/24-novembro-Efeito-Doppler.mp4?_=1\" \/><a href=\"https:\/\/www.quintadaspalmeiras.pt\/portal1\/wp-content\/uploads\/2025\/11\/24-novembro-Efeito-Doppler.mp4\">https:\/\/www.quintadaspalmeiras.pt\/portal1\/wp-content\/uploads\/2025\/11\/24-novembro-Efeito-Doppler.mp4<\/a><\/video><\/div>\n<div style=\"width: 520px;\" class=\"wp-video\"><video class=\"wp-video-shortcode\" id=\"video-3431-2\" width=\"520\" height=\"1080\" preload=\"metadata\" controls=\"controls\"><source type=\"video\/mp4\" src=\"https:\/\/www.quintadaspalmeiras.pt\/portal1\/wp-content\/uploads\/2025\/11\/25-novembro-fisica-quantica.mp4?_=2\" \/><a href=\"https:\/\/www.quintadaspalmeiras.pt\/portal1\/wp-content\/uploads\/2025\/11\/25-novembro-fisica-quantica.mp4\">https:\/\/www.quintadaspalmeiras.pt\/portal1\/wp-content\/uploads\/2025\/11\/25-novembro-fisica-quantica.mp4<\/a><\/video><\/div>\n<div style=\"width: 520px;\" class=\"wp-video\"><video class=\"wp-video-shortcode\" id=\"video-3431-3\" width=\"520\" height=\"1080\" preload=\"metadata\" controls=\"controls\"><source type=\"video\/mp4\" src=\"https:\/\/www.quintadaspalmeiras.pt\/portal1\/wp-content\/uploads\/2025\/11\/26-novembro-Big-Bang.mp4?_=3\" \/><a href=\"https:\/\/www.quintadaspalmeiras.pt\/portal1\/wp-content\/uploads\/2025\/11\/26-novembro-Big-Bang.mp4\">https:\/\/www.quintadaspalmeiras.pt\/portal1\/wp-content\/uploads\/2025\/11\/26-novembro-Big-Bang.mp4<\/a><\/video><\/div>\n<div style=\"width: 520px;\" class=\"wp-video\"><video class=\"wp-video-shortcode\" id=\"video-3431-4\" width=\"520\" height=\"1080\" preload=\"metadata\" controls=\"controls\"><source type=\"video\/mp4\" src=\"https:\/\/www.quintadaspalmeiras.pt\/portal1\/wp-content\/uploads\/2025\/11\/27-novembro-caos.mp4?_=4\" \/><a href=\"https:\/\/www.quintadaspalmeiras.pt\/portal1\/wp-content\/uploads\/2025\/11\/27-novembro-caos.mp4\">https:\/\/www.quintadaspalmeiras.pt\/portal1\/wp-content\/uploads\/2025\/11\/27-novembro-caos.mp4<\/a><\/video><\/div>\n<div style=\"width: 520px;\" class=\"wp-video\"><video class=\"wp-video-shortcode\" id=\"video-3431-5\" width=\"520\" height=\"1080\" preload=\"metadata\" controls=\"controls\"><source type=\"video\/mp4\" src=\"https:\/\/www.quintadaspalmeiras.pt\/portal1\/wp-content\/uploads\/2025\/11\/28-novembro-modelo-padrao.mp4?_=5\" \/><a href=\"https:\/\/www.quintadaspalmeiras.pt\/portal1\/wp-content\/uploads\/2025\/11\/28-novembro-modelo-padrao.mp4\">https:\/\/www.quintadaspalmeiras.pt\/portal1\/wp-content\/uploads\/2025\/11\/28-novembro-modelo-padrao.mp4<\/a><\/video><\/div>\n<\/div>\n","protected":false},"excerpt":{"rendered":"<p>24 de novembro, Dia Nacional da Cultura Cient\u00edfica, \u00e9 o in\u00edcio da semana dedicada \u00e0 ci\u00eancia e \u00e0 tecnologia, que conta com um conjunto de atividades a desenvolver na escola. Paralelamente a equipa da BE prop\u00f5e a divulga\u00e7\u00e3o di\u00e1ria, durante esta semana, de 5 v\u00eddeos que celebram a rela\u00e7\u00e3o entre a literatura e a ci\u00eancia.<\/p>\n","protected":false},"author":2,"featured_media":3437,"comment_status":"closed","ping_status":"closed","sticky":false,"template":"","format":"standard","meta":{"_angie_page":false,"_crdt_document":"","page_builder":"","footnotes":""},"categories":[1],"tags":[],"class_list":["post-3431","post","type-post","status-publish","format-standard","has-post-thumbnail","hentry","category-sem-categoria"],"_links":{"self":[{"href":"https:\/\/www.quintadaspalmeiras.pt\/portal1\/wp-json\/wp\/v2\/posts\/3431","targetHints":{"allow":["GET"]}}],"collection":[{"href":"https:\/\/www.quintadaspalmeiras.pt\/portal1\/wp-json\/wp\/v2\/posts"}],"about":[{"href":"https:\/\/www.quintadaspalmeiras.pt\/portal1\/wp-json\/wp\/v2\/types\/post"}],"author":[{"embeddable":true,"href":"https:\/\/www.quintadaspalmeiras.pt\/portal1\/wp-json\/wp\/v2\/users\/2"}],"replies":[{"embeddable":true,"href":"https:\/\/www.quintadaspalmeiras.pt\/portal1\/wp-json\/wp\/v2\/comments?post=3431"}],"version-history":[{"count":6,"href":"https:\/\/www.quintadaspalmeiras.pt\/portal1\/wp-json\/wp\/v2\/posts\/3431\/revisions"}],"predecessor-version":[{"id":3444,"href":"https:\/\/www.quintadaspalmeiras.pt\/portal1\/wp-json\/wp\/v2\/posts\/3431\/revisions\/3444"}],"wp:featuredmedia":[{"embeddable":true,"href":"https:\/\/www.quintadaspalmeiras.pt\/portal1\/wp-json\/wp\/v2\/media\/3437"}],"wp:attachment":[{"href":"https:\/\/www.quintadaspalmeiras.pt\/portal1\/wp-json\/wp\/v2\/media?parent=3431"}],"wp:term":[{"taxonomy":"category","embeddable":true,"href":"https:\/\/www.quintadaspalmeiras.pt\/portal1\/wp-json\/wp\/v2\/categories?post=3431"},{"taxonomy":"post_tag","embeddable":true,"href":"https:\/\/www.quintadaspalmeiras.pt\/portal1\/wp-json\/wp\/v2\/tags?post=3431"}],"curies":[{"name":"wp","href":"https:\/\/api.w.org\/{rel}","templated":true}]}}