{"id":3424,"date":"2025-11-21T10:38:24","date_gmt":"2025-11-21T10:38:24","guid":{"rendered":"https:\/\/www.quintadaspalmeiras.pt\/portal1\/?p=3424"},"modified":"2025-11-21T10:44:31","modified_gmt":"2025-11-21T10:44:31","slug":"mesa-redonda-importancia-da-voz-dos-jovens-na-politica","status":"publish","type":"post","link":"https:\/\/www.quintadaspalmeiras.pt\/portal1\/2025\/11\/21\/mesa-redonda-importancia-da-voz-dos-jovens-na-politica\/","title":{"rendered":"Mesa redonda &#8220;Import\u00e2ncia da voz dos Jovens na pol\u00edtica&#8221;"},"content":{"rendered":"<div>\n<div>Na pr\u00f3xima 2\u00aa feira, dia 24 de novembro, pelas 15:00,\u00a0 ter\u00e1 lugar, no audit\u00f3rio do CTE, uma mesa redonda dinamizada pelo Projeto &#8220;Pol\u00edtica para futuros cidad\u00e3os&#8221;, intitulada &#8220;Import\u00e2ncia da voz dos jovens na Pol\u00edtica&#8221;.<\/div>\n<\/div>\n<p>A mesa redonda ter\u00e1 a participa\u00e7\u00e3o de 3 oradores: Jo\u00e3o Roque convidado pelo Pol\u00edtica para Futuros Cidad\u00e3os, Francisco Crucho, coordenador do projeto jovens com opini\u00e3o e Jo\u00e3o Cristov\u00e3o, representante do Conselho Municipal de Juventude da Covilh\u00e3.<\/p>\n<p style=\"text-align: center;\"><img decoding=\"async\" class=\"alignnone  wp-image-3425 lazyload\" data-src=\"https:\/\/www.quintadaspalmeiras.pt\/portal1\/wp-content\/uploads\/2025\/11\/mesa-redonda-300x162.png\" alt=\"\" width=\"631\" height=\"341\" data-srcset=\"https:\/\/www.quintadaspalmeiras.pt\/portal1\/wp-content\/uploads\/2025\/11\/mesa-redonda-300x162.png 300w, https:\/\/www.quintadaspalmeiras.pt\/portal1\/wp-content\/uploads\/2025\/11\/mesa-redonda-1024x553.png 1024w, https:\/\/www.quintadaspalmeiras.pt\/portal1\/wp-content\/uploads\/2025\/11\/mesa-redonda-768x415.png 768w, https:\/\/www.quintadaspalmeiras.pt\/portal1\/wp-content\/uploads\/2025\/11\/mesa-redonda.png 1194w\" data-sizes=\"(max-width: 709px) 85vw, (max-width: 909px) 67vw, (max-width: 984px) 61vw, (max-width: 1362px) 45vw, 600px\" src=\"data:image\/svg+xml;base64,PHN2ZyB3aWR0aD0iMSIgaGVpZ2h0PSIxIiB4bWxucz0iaHR0cDovL3d3dy53My5vcmcvMjAwMC9zdmciPjwvc3ZnPg==\" style=\"--smush-placeholder-width: 631px; --smush-placeholder-aspect-ratio: 631\/341;\" \/><\/p>\n","protected":false},"excerpt":{"rendered":"<p>Na pr\u00f3xima 2\u00aa feira, dia 24 de novembro, pelas 15:00,\u00a0 ter\u00e1 lugar, no audit\u00f3rio do CTE, uma mesa redonda dinamizada pelo Projeto &#8220;Pol\u00edtica para futuros cidad\u00e3os&#8221;, intitulada &#8220;Import\u00e2ncia da voz dos jovens na Pol\u00edtica&#8221;. A mesa redonda ter\u00e1 a participa\u00e7\u00e3o de 3 oradores: Jo\u00e3o Roque convidado pelo Pol\u00edtica para Futuros Cidad\u00e3os, Francisco Crucho, coordenador do &hellip; <a href=\"https:\/\/www.quintadaspalmeiras.pt\/portal1\/2025\/11\/21\/mesa-redonda-importancia-da-voz-dos-jovens-na-politica\/\" class=\"more-link\">Continue reading<span class=\"screen-reader-text\"> &#8220;Mesa redonda &#8220;Import\u00e2ncia da voz dos Jovens na pol\u00edtica&#8221;&#8221;<\/span><\/a><\/p>\n","protected":false},"author":2,"featured_media":3425,"comment_status":"closed","ping_status":"closed","sticky":false,"template":"","format":"standard","meta":{"_angie_page":false,"_crdt_document":"","page_builder":"","footnotes":""},"categories":[1],"tags":[],"class_list":["post-3424","post","type-post","status-publish","format-standard","has-post-thumbnail","hentry","category-sem-categoria"],"_links":{"self":[{"href":"https:\/\/www.quintadaspalmeiras.pt\/portal1\/wp-json\/wp\/v2\/posts\/3424","targetHints":{"allow":["GET"]}}],"collection":[{"href":"https:\/\/www.quintadaspalmeiras.pt\/portal1\/wp-json\/wp\/v2\/posts"}],"about":[{"href":"https:\/\/www.quintadaspalmeiras.pt\/portal1\/wp-json\/wp\/v2\/types\/post"}],"author":[{"embeddable":true,"href":"https:\/\/www.quintadaspalmeiras.pt\/portal1\/wp-json\/wp\/v2\/users\/2"}],"replies":[{"embeddable":true,"href":"https:\/\/www.quintadaspalmeiras.pt\/portal1\/wp-json\/wp\/v2\/comments?post=3424"}],"version-history":[{"count":3,"href":"https:\/\/www.quintadaspalmeiras.pt\/portal1\/wp-json\/wp\/v2\/posts\/3424\/revisions"}],"predecessor-version":[{"id":3429,"href":"https:\/\/www.quintadaspalmeiras.pt\/portal1\/wp-json\/wp\/v2\/posts\/3424\/revisions\/3429"}],"wp:featuredmedia":[{"embeddable":true,"href":"https:\/\/www.quintadaspalmeiras.pt\/portal1\/wp-json\/wp\/v2\/media\/3425"}],"wp:attachment":[{"href":"https:\/\/www.quintadaspalmeiras.pt\/portal1\/wp-json\/wp\/v2\/media?parent=3424"}],"wp:term":[{"taxonomy":"category","embeddable":true,"href":"https:\/\/www.quintadaspalmeiras.pt\/portal1\/wp-json\/wp\/v2\/categories?post=3424"},{"taxonomy":"post_tag","embeddable":true,"href":"https:\/\/www.quintadaspalmeiras.pt\/portal1\/wp-json\/wp\/v2\/tags?post=3424"}],"curies":[{"name":"wp","href":"https:\/\/api.w.org\/{rel}","templated":true}]}}