{"id":3413,"date":"2025-11-21T10:23:46","date_gmt":"2025-11-21T10:23:46","guid":{"rendered":"https:\/\/www.quintadaspalmeiras.pt\/portal1\/?p=3413"},"modified":"2025-11-21T10:33:27","modified_gmt":"2025-11-21T10:33:27","slug":"25-de-abril-entre-o-abismo-e-a-liberdade","status":"publish","type":"post","link":"https:\/\/www.quintadaspalmeiras.pt\/portal1\/2025\/11\/21\/25-de-abril-entre-o-abismo-e-a-liberdade\/","title":{"rendered":"&#8220;25 de abril, entre o abismo e a liberdade&#8221;"},"content":{"rendered":"<div>Na pr\u00f3xima 3\u00aa feira, dia 25 de novembro, pelas 10:00,\u00a0 ter\u00e1 lugar, no audit\u00f3rio do CPI &#8211; Pano Preto, uma iniciativa do Projeto &#8220;Pol\u00edtica para futuros cidad\u00e3os&#8221;, para assinalar o dia 25 de novembro.<\/div>\n<div>\n<p>A atividade intitula-se &#8220;25 de abril, entre o abismo e a liberdade &#8221; e ser\u00e1 uma conversa com o professor Bruno Ferreira Costa, professor associado e vice reitor da UBI.<\/p>\n<\/div>\n<div><\/div>\n<div style=\"text-align: center;\"><img decoding=\"async\" class=\"alignnone wp-image-3414 lazyload\" data-src=\"https:\/\/www.quintadaspalmeiras.pt\/portal1\/wp-content\/uploads\/2025\/11\/25-de-novembro-entre-o-abismo-e-a-liberdade-300x169.jpg\" alt=\"\" width=\"790\" height=\"445\" data-srcset=\"https:\/\/www.quintadaspalmeiras.pt\/portal1\/wp-content\/uploads\/2025\/11\/25-de-novembro-entre-o-abismo-e-a-liberdade-300x169.jpg 300w, https:\/\/www.quintadaspalmeiras.pt\/portal1\/wp-content\/uploads\/2025\/11\/25-de-novembro-entre-o-abismo-e-a-liberdade-1024x576.jpg 1024w, https:\/\/www.quintadaspalmeiras.pt\/portal1\/wp-content\/uploads\/2025\/11\/25-de-novembro-entre-o-abismo-e-a-liberdade-768x432.jpg 768w, https:\/\/www.quintadaspalmeiras.pt\/portal1\/wp-content\/uploads\/2025\/11\/25-de-novembro-entre-o-abismo-e-a-liberdade-1536x864.jpg 1536w, https:\/\/www.quintadaspalmeiras.pt\/portal1\/wp-content\/uploads\/2025\/11\/25-de-novembro-entre-o-abismo-e-a-liberdade-1200x675.jpg 1200w, https:\/\/www.quintadaspalmeiras.pt\/portal1\/wp-content\/uploads\/2025\/11\/25-de-novembro-entre-o-abismo-e-a-liberdade.jpg 1920w\" data-sizes=\"(max-width: 709px) 85vw, (max-width: 909px) 67vw, (max-width: 984px) 61vw, (max-width: 1362px) 45vw, 600px\" src=\"data:image\/svg+xml;base64,PHN2ZyB3aWR0aD0iMSIgaGVpZ2h0PSIxIiB4bWxucz0iaHR0cDovL3d3dy53My5vcmcvMjAwMC9zdmciPjwvc3ZnPg==\" style=\"--smush-placeholder-width: 790px; --smush-placeholder-aspect-ratio: 790\/445;\" \/><\/div>\n","protected":false},"excerpt":{"rendered":"<p>Na pr\u00f3xima 3\u00aa feira, dia 25 de novembro, pelas 10:00,\u00a0 ter\u00e1 lugar, no audit\u00f3rio do CPI &#8211; Pano Preto, uma iniciativa do Projeto &#8220;Pol\u00edtica para futuros cidad\u00e3os&#8221;, para assinalar o dia 25 de novembro. A atividade intitula-se &#8220;25 de abril, entre o abismo e a liberdade &#8221; e ser\u00e1 uma conversa com o professor Bruno &hellip; <a href=\"https:\/\/www.quintadaspalmeiras.pt\/portal1\/2025\/11\/21\/25-de-abril-entre-o-abismo-e-a-liberdade\/\" class=\"more-link\">Continue reading<span class=\"screen-reader-text\"> &#8220;&#8220;25 de abril, entre o abismo e a liberdade&#8221;&#8221;<\/span><\/a><\/p>\n","protected":false},"author":2,"featured_media":3417,"comment_status":"closed","ping_status":"closed","sticky":false,"template":"","format":"standard","meta":{"_angie_page":false,"_crdt_document":"","page_builder":"","footnotes":""},"categories":[1],"tags":[],"class_list":["post-3413","post","type-post","status-publish","format-standard","has-post-thumbnail","hentry","category-sem-categoria"],"_links":{"self":[{"href":"https:\/\/www.quintadaspalmeiras.pt\/portal1\/wp-json\/wp\/v2\/posts\/3413","targetHints":{"allow":["GET"]}}],"collection":[{"href":"https:\/\/www.quintadaspalmeiras.pt\/portal1\/wp-json\/wp\/v2\/posts"}],"about":[{"href":"https:\/\/www.quintadaspalmeiras.pt\/portal1\/wp-json\/wp\/v2\/types\/post"}],"author":[{"embeddable":true,"href":"https:\/\/www.quintadaspalmeiras.pt\/portal1\/wp-json\/wp\/v2\/users\/2"}],"replies":[{"embeddable":true,"href":"https:\/\/www.quintadaspalmeiras.pt\/portal1\/wp-json\/wp\/v2\/comments?post=3413"}],"version-history":[{"count":6,"href":"https:\/\/www.quintadaspalmeiras.pt\/portal1\/wp-json\/wp\/v2\/posts\/3413\/revisions"}],"predecessor-version":[{"id":3423,"href":"https:\/\/www.quintadaspalmeiras.pt\/portal1\/wp-json\/wp\/v2\/posts\/3413\/revisions\/3423"}],"wp:featuredmedia":[{"embeddable":true,"href":"https:\/\/www.quintadaspalmeiras.pt\/portal1\/wp-json\/wp\/v2\/media\/3417"}],"wp:attachment":[{"href":"https:\/\/www.quintadaspalmeiras.pt\/portal1\/wp-json\/wp\/v2\/media?parent=3413"}],"wp:term":[{"taxonomy":"category","embeddable":true,"href":"https:\/\/www.quintadaspalmeiras.pt\/portal1\/wp-json\/wp\/v2\/categories?post=3413"},{"taxonomy":"post_tag","embeddable":true,"href":"https:\/\/www.quintadaspalmeiras.pt\/portal1\/wp-json\/wp\/v2\/tags?post=3413"}],"curies":[{"name":"wp","href":"https:\/\/api.w.org\/{rel}","templated":true}]}}