{"id":3372,"date":"2025-11-17T10:13:57","date_gmt":"2025-11-17T10:13:57","guid":{"rendered":"https:\/\/www.quintadaspalmeiras.pt\/portal1\/?p=3372"},"modified":"2025-11-17T10:14:47","modified_gmt":"2025-11-17T10:14:47","slug":"programa-de-educacao-para-a-paz-3","status":"publish","type":"post","link":"https:\/\/www.quintadaspalmeiras.pt\/portal1\/2025\/11\/17\/programa-de-educacao-para-a-paz-3\/","title":{"rendered":"Programa de Educa\u00e7\u00e3o para a Paz"},"content":{"rendered":"<p>No dia\u00a0<u>19 de novembro, quarta feira, pelas 14h10m,<\/u>\u00a0na sala 11A<b>,<\/b>\u00a0ser\u00e1 apresentado aos alunos interessados em se inscreverem, o Programa de Educa\u00e7\u00e3o para a Paz.\u00a0O Programa de Educa\u00e7\u00e3o para a Paz consiste numa s\u00e9rie inovadora de workshops em v\u00eddeo que ajudam as pessoas a descobrirem a pr\u00f3pria for\u00e7a interior e a paz pessoal. O programa d\u00e1 aos seus participantes a oportunidade de se concentrarem e\u00a0 refletirem sobre a sua pr\u00f3pria humanidade e sobre os seus recursos interiores que podem mobilizar a qualquer momento e em qualquer circunst\u00e2ncia da sua vida. O curso consiste \u00a0em 10 workshops, baseados nos seguintes temas: paz, aprecia\u00e7\u00e3o, for\u00e7a interior, consci\u00eancia de si mesmo, clareza, compreens\u00e3o, dignidade, escolha, esperan\u00e7a e contentamento. Vem, inscreve-te e descobre que aquilo de que andas \u00e0 procura, j\u00e1 existe dentro de ti!<\/p>\n<p style=\"text-align: center;\"><a href=\"https:\/\/www.quintadaspalmeiras.pt\/portal1\/wp-content\/uploads\/2025\/11\/Cartaz_PEP.pdf\" class=\"pdfemb-viewer\" style=\"\" data-width=\"max\" data-height=\"max\" data-toolbar=\"bottom\" data-toolbar-fixed=\"off\">Cartaz_PEP<\/a><\/p>\n","protected":false},"excerpt":{"rendered":"<p>No dia\u00a019 de novembro, quarta feira, pelas 14h10m,\u00a0na sala 11A,\u00a0ser\u00e1 apresentado aos alunos interessados em se inscreverem, o Programa de Educa\u00e7\u00e3o para a Paz.\u00a0O Programa de Educa\u00e7\u00e3o para a Paz consiste numa s\u00e9rie inovadora de workshops em v\u00eddeo que ajudam as pessoas a descobrirem a pr\u00f3pria for\u00e7a interior e a paz pessoal. O programa d\u00e1 &hellip; <a href=\"https:\/\/www.quintadaspalmeiras.pt\/portal1\/2025\/11\/17\/programa-de-educacao-para-a-paz-3\/\" class=\"more-link\">Continue reading<span class=\"screen-reader-text\"> &#8220;Programa de Educa\u00e7\u00e3o para a Paz&#8221;<\/span><\/a><\/p>\n","protected":false},"author":2,"featured_media":3374,"comment_status":"closed","ping_status":"closed","sticky":false,"template":"","format":"standard","meta":{"_angie_page":false,"_crdt_document":"","page_builder":"","footnotes":""},"categories":[1],"tags":[],"class_list":["post-3372","post","type-post","status-publish","format-standard","has-post-thumbnail","hentry","category-sem-categoria"],"_links":{"self":[{"href":"https:\/\/www.quintadaspalmeiras.pt\/portal1\/wp-json\/wp\/v2\/posts\/3372","targetHints":{"allow":["GET"]}}],"collection":[{"href":"https:\/\/www.quintadaspalmeiras.pt\/portal1\/wp-json\/wp\/v2\/posts"}],"about":[{"href":"https:\/\/www.quintadaspalmeiras.pt\/portal1\/wp-json\/wp\/v2\/types\/post"}],"author":[{"embeddable":true,"href":"https:\/\/www.quintadaspalmeiras.pt\/portal1\/wp-json\/wp\/v2\/users\/2"}],"replies":[{"embeddable":true,"href":"https:\/\/www.quintadaspalmeiras.pt\/portal1\/wp-json\/wp\/v2\/comments?post=3372"}],"version-history":[{"count":2,"href":"https:\/\/www.quintadaspalmeiras.pt\/portal1\/wp-json\/wp\/v2\/posts\/3372\/revisions"}],"predecessor-version":[{"id":3377,"href":"https:\/\/www.quintadaspalmeiras.pt\/portal1\/wp-json\/wp\/v2\/posts\/3372\/revisions\/3377"}],"wp:featuredmedia":[{"embeddable":true,"href":"https:\/\/www.quintadaspalmeiras.pt\/portal1\/wp-json\/wp\/v2\/media\/3374"}],"wp:attachment":[{"href":"https:\/\/www.quintadaspalmeiras.pt\/portal1\/wp-json\/wp\/v2\/media?parent=3372"}],"wp:term":[{"taxonomy":"category","embeddable":true,"href":"https:\/\/www.quintadaspalmeiras.pt\/portal1\/wp-json\/wp\/v2\/categories?post=3372"},{"taxonomy":"post_tag","embeddable":true,"href":"https:\/\/www.quintadaspalmeiras.pt\/portal1\/wp-json\/wp\/v2\/tags?post=3372"}],"curies":[{"name":"wp","href":"https:\/\/api.w.org\/{rel}","templated":true}]}}