{"id":3047,"date":"2025-11-04T12:15:53","date_gmt":"2025-11-04T12:15:53","guid":{"rendered":"https:\/\/www.quintadaspalmeiras.pt\/portal1\/?p=3047"},"modified":"2025-11-04T12:15:53","modified_gmt":"2025-11-04T12:15:53","slug":"13-a-edicao-do-exercicio-a-terra-treme","status":"publish","type":"post","link":"https:\/\/www.quintadaspalmeiras.pt\/portal1\/2025\/11\/04\/13-a-edicao-do-exercicio-a-terra-treme\/","title":{"rendered":"13.\u00aa edi\u00e7\u00e3o do exerc\u00edcio &#8220;A Terra Treme&#8221;"},"content":{"rendered":"<p>A 13.\u00aa edi\u00e7\u00e3o do exerc\u00edcio &#8220;A Terra Treme&#8221; decorrer\u00e1 no pr\u00f3ximo dia 5 de novembro, \u00e0s 11h05, coincidindo com o Dia Mundial de Sensibiliza\u00e7\u00e3o para o Risco de Tsunami (<a href=\"https:\/\/tsunamiday.undrr.org\/\" target=\"_blank\" rel=\"noopener\" data-saferedirecturl=\"https:\/\/www.google.com\/url?q=https:\/\/tsunamiday.undrr.org\/&amp;source=gmail&amp;ust=1762344545134000&amp;usg=AOvVaw1UH8Y8R40ZFXQWF8iV4asq\">World Tsunami Awareness Day<\/a>).<\/p>\n<p>Esta iniciativa visa alertar para o risco s\u00edsmico e destacar a import\u00e2ncia de comportamentos simples, mas essenciais, que todos os cidad\u00e3os devem adotar em caso de sismo, comportamentos que podem salvar vidas.<\/p>\n<p>O exerc\u00edcio tem a dura\u00e7\u00e3o de apenas\u00a0<b>1 minuto<\/b>, durante o qual os participantes s\u00e3o convidados a executar os 3 gestos que salvam:\u00a0<b>BAIXAR, PROTEGER e AGUARDAR.<\/b><\/p>\n<p>Todos podem e devem participar, seja individualmente ou em grupo (fam\u00edlias, escolas, empresas, institui\u00e7\u00f5es p\u00fablicas, privadas ou associativas), em qualquer local onde se encontrem.<\/p>\n<p>A ESQP j\u00e1 se encontra registada\u00a0 no site <a href=\"http:\/\/www.aterratreme.pt\/\" target=\"_blank\" rel=\"noopener\" data-saferedirecturl=\"https:\/\/www.google.com\/url?q=http:\/\/www.aterratreme.pt\/&amp;source=gmail&amp;ust=1762344545134000&amp;usg=AOvVaw229_tK1m1Q_-18NY3F4gbG\">www.aterratreme.pt<\/a>.<\/p>\n<p style=\"text-align: center;\"><img decoding=\"async\" class=\"alignnone  wp-image-3048 lazyload\" data-src=\"https:\/\/www.quintadaspalmeiras.pt\/portal1\/wp-content\/uploads\/2025\/11\/image002-5-212x300.jpg\" alt=\"\" width=\"736\" height=\"1041\" data-srcset=\"https:\/\/www.quintadaspalmeiras.pt\/portal1\/wp-content\/uploads\/2025\/11\/image002-5-212x300.jpg 212w, https:\/\/www.quintadaspalmeiras.pt\/portal1\/wp-content\/uploads\/2025\/11\/image002-5-724x1024.jpg 724w, https:\/\/www.quintadaspalmeiras.pt\/portal1\/wp-content\/uploads\/2025\/11\/image002-5-768x1086.jpg 768w, https:\/\/www.quintadaspalmeiras.pt\/portal1\/wp-content\/uploads\/2025\/11\/image002-5-1086x1536.jpg 1086w, https:\/\/www.quintadaspalmeiras.pt\/portal1\/wp-content\/uploads\/2025\/11\/image002-5-1448x2048.jpg 1448w, https:\/\/www.quintadaspalmeiras.pt\/portal1\/wp-content\/uploads\/2025\/11\/image002-5-1200x1697.jpg 1200w, https:\/\/www.quintadaspalmeiras.pt\/portal1\/wp-content\/uploads\/2025\/11\/image002-5.jpg 1811w\" data-sizes=\"(max-width: 709px) 85vw, (max-width: 909px) 67vw, (max-width: 984px) 61vw, (max-width: 1362px) 45vw, 600px\" src=\"data:image\/svg+xml;base64,PHN2ZyB3aWR0aD0iMSIgaGVpZ2h0PSIxIiB4bWxucz0iaHR0cDovL3d3dy53My5vcmcvMjAwMC9zdmciPjwvc3ZnPg==\" style=\"--smush-placeholder-width: 736px; --smush-placeholder-aspect-ratio: 736\/1041;\" \/><\/p>\n","protected":false},"excerpt":{"rendered":"<p>A 13.\u00aa edi\u00e7\u00e3o do exerc\u00edcio &#8220;A Terra Treme&#8221; decorrer\u00e1 no pr\u00f3ximo dia 5 de novembro, \u00e0s 11h05, coincidindo com o Dia Mundial de Sensibiliza\u00e7\u00e3o para o Risco de Tsunami (World Tsunami Awareness Day). Esta iniciativa visa alertar para o risco s\u00edsmico e destacar a import\u00e2ncia de comportamentos simples, mas essenciais, que todos os cidad\u00e3os devem &hellip; <a href=\"https:\/\/www.quintadaspalmeiras.pt\/portal1\/2025\/11\/04\/13-a-edicao-do-exercicio-a-terra-treme\/\" class=\"more-link\">Continue reading<span class=\"screen-reader-text\"> &#8220;13.\u00aa edi\u00e7\u00e3o do exerc\u00edcio &#8220;A Terra Treme&#8221;&#8221;<\/span><\/a><\/p>\n","protected":false},"author":2,"featured_media":3050,"comment_status":"closed","ping_status":"closed","sticky":false,"template":"","format":"standard","meta":{"_angie_page":false,"_crdt_document":"","page_builder":"","footnotes":""},"categories":[1],"tags":[],"class_list":["post-3047","post","type-post","status-publish","format-standard","has-post-thumbnail","hentry","category-sem-categoria"],"_links":{"self":[{"href":"https:\/\/www.quintadaspalmeiras.pt\/portal1\/wp-json\/wp\/v2\/posts\/3047","targetHints":{"allow":["GET"]}}],"collection":[{"href":"https:\/\/www.quintadaspalmeiras.pt\/portal1\/wp-json\/wp\/v2\/posts"}],"about":[{"href":"https:\/\/www.quintadaspalmeiras.pt\/portal1\/wp-json\/wp\/v2\/types\/post"}],"author":[{"embeddable":true,"href":"https:\/\/www.quintadaspalmeiras.pt\/portal1\/wp-json\/wp\/v2\/users\/2"}],"replies":[{"embeddable":true,"href":"https:\/\/www.quintadaspalmeiras.pt\/portal1\/wp-json\/wp\/v2\/comments?post=3047"}],"version-history":[{"count":1,"href":"https:\/\/www.quintadaspalmeiras.pt\/portal1\/wp-json\/wp\/v2\/posts\/3047\/revisions"}],"predecessor-version":[{"id":3052,"href":"https:\/\/www.quintadaspalmeiras.pt\/portal1\/wp-json\/wp\/v2\/posts\/3047\/revisions\/3052"}],"wp:featuredmedia":[{"embeddable":true,"href":"https:\/\/www.quintadaspalmeiras.pt\/portal1\/wp-json\/wp\/v2\/media\/3050"}],"wp:attachment":[{"href":"https:\/\/www.quintadaspalmeiras.pt\/portal1\/wp-json\/wp\/v2\/media?parent=3047"}],"wp:term":[{"taxonomy":"category","embeddable":true,"href":"https:\/\/www.quintadaspalmeiras.pt\/portal1\/wp-json\/wp\/v2\/categories?post=3047"},{"taxonomy":"post_tag","embeddable":true,"href":"https:\/\/www.quintadaspalmeiras.pt\/portal1\/wp-json\/wp\/v2\/tags?post=3047"}],"curies":[{"name":"wp","href":"https:\/\/api.w.org\/{rel}","templated":true}]}}