{"id":3028,"date":"2025-11-03T10:33:17","date_gmt":"2025-11-03T10:33:17","guid":{"rendered":"https:\/\/www.quintadaspalmeiras.pt\/portal1\/?p=3028"},"modified":"2025-11-03T10:33:17","modified_gmt":"2025-11-03T10:33:17","slug":"parlamento-dos-jovens-2025-2026","status":"publish","type":"post","link":"https:\/\/www.quintadaspalmeiras.pt\/portal1\/2025\/11\/03\/parlamento-dos-jovens-2025-2026\/","title":{"rendered":"Parlamento dos Jovens 2025\/2026"},"content":{"rendered":"<p style=\"font-weight: 400;\">No dia 5 de novembro, pelas 15h, na sala 11-A, ir\u00e1 realizar-se a primeira reuni\u00e3o referente ao\u00a0Parlamento dos Jovens\u00a025\/26. A reuni\u00e3o \u00e9 destinada a todos os alunos do Ensino Secund\u00e1rio.Este ano letivo, o\u00a0Parlamento dos Jovens\u00a0\u00e9 subordinado ao tema &#8220;Literacia Financeira: Os Jovens Contam!&#8221;\u00a0O Programa\u00a0Parlamento dos Jovens\u00a0\u00e9 uma iniciativa da Assembleia da Rep\u00fablica dirigida aos jovens dos 2.\u00ba e 3.\u00ba ciclos do ensino b\u00e1sico e do ensino secund\u00e1rio, que tem como objetivo promover a participa\u00e7\u00e3o c\u00edvica e pol\u00edtica dos jovens. Participa!<\/p>\n<p style=\"text-align: center;\"><a href=\"https:\/\/www.quintadaspalmeiras.pt\/portal1\/wp-content\/uploads\/2025\/11\/cartaz-PJS26.pdf\" class=\"pdfemb-viewer\" style=\"\" data-width=\"max\" data-height=\"max\" data-toolbar=\"bottom\" data-toolbar-fixed=\"off\">cartaz-PJS26<\/a><\/p>\n<p style=\"text-align: center;\"><a href=\"https:\/\/www.quintadaspalmeiras.pt\/portal1\/wp-content\/uploads\/2025\/11\/Cartaz-25_26_.pdf\" class=\"pdfemb-viewer\" style=\"\" data-width=\"max\" data-height=\"max\" data-toolbar=\"bottom\" data-toolbar-fixed=\"off\">Cartaz 25_26_<\/a><\/p>\n","protected":false},"excerpt":{"rendered":"<p>No dia 5 de novembro, pelas 15h, na sala 11-A, ir\u00e1 realizar-se a primeira reuni\u00e3o referente ao\u00a0Parlamento dos Jovens\u00a025\/26. A reuni\u00e3o \u00e9 destinada a todos os alunos do Ensino Secund\u00e1rio.Este ano letivo, o\u00a0Parlamento dos Jovens\u00a0\u00e9 subordinado ao tema &#8220;Literacia Financeira: Os Jovens Contam!&#8221;\u00a0O Programa\u00a0Parlamento dos Jovens\u00a0\u00e9 uma iniciativa da Assembleia da Rep\u00fablica dirigida aos jovens &hellip; <a href=\"https:\/\/www.quintadaspalmeiras.pt\/portal1\/2025\/11\/03\/parlamento-dos-jovens-2025-2026\/\" class=\"more-link\">Continue reading<span class=\"screen-reader-text\"> &#8220;Parlamento dos Jovens 2025\/2026&#8221;<\/span><\/a><\/p>\n","protected":false},"author":2,"featured_media":3031,"comment_status":"closed","ping_status":"closed","sticky":false,"template":"","format":"standard","meta":{"_angie_page":false,"_crdt_document":"","page_builder":"","footnotes":""},"categories":[1],"tags":[],"class_list":["post-3028","post","type-post","status-publish","format-standard","has-post-thumbnail","hentry","category-sem-categoria"],"_links":{"self":[{"href":"https:\/\/www.quintadaspalmeiras.pt\/portal1\/wp-json\/wp\/v2\/posts\/3028","targetHints":{"allow":["GET"]}}],"collection":[{"href":"https:\/\/www.quintadaspalmeiras.pt\/portal1\/wp-json\/wp\/v2\/posts"}],"about":[{"href":"https:\/\/www.quintadaspalmeiras.pt\/portal1\/wp-json\/wp\/v2\/types\/post"}],"author":[{"embeddable":true,"href":"https:\/\/www.quintadaspalmeiras.pt\/portal1\/wp-json\/wp\/v2\/users\/2"}],"replies":[{"embeddable":true,"href":"https:\/\/www.quintadaspalmeiras.pt\/portal1\/wp-json\/wp\/v2\/comments?post=3028"}],"version-history":[{"count":1,"href":"https:\/\/www.quintadaspalmeiras.pt\/portal1\/wp-json\/wp\/v2\/posts\/3028\/revisions"}],"predecessor-version":[{"id":3032,"href":"https:\/\/www.quintadaspalmeiras.pt\/portal1\/wp-json\/wp\/v2\/posts\/3028\/revisions\/3032"}],"wp:featuredmedia":[{"embeddable":true,"href":"https:\/\/www.quintadaspalmeiras.pt\/portal1\/wp-json\/wp\/v2\/media\/3031"}],"wp:attachment":[{"href":"https:\/\/www.quintadaspalmeiras.pt\/portal1\/wp-json\/wp\/v2\/media?parent=3028"}],"wp:term":[{"taxonomy":"category","embeddable":true,"href":"https:\/\/www.quintadaspalmeiras.pt\/portal1\/wp-json\/wp\/v2\/categories?post=3028"},{"taxonomy":"post_tag","embeddable":true,"href":"https:\/\/www.quintadaspalmeiras.pt\/portal1\/wp-json\/wp\/v2\/tags?post=3028"}],"curies":[{"name":"wp","href":"https:\/\/api.w.org\/{rel}","templated":true}]}}