{"id":3023,"date":"2025-11-03T10:14:51","date_gmt":"2025-11-03T10:14:51","guid":{"rendered":"https:\/\/www.quintadaspalmeiras.pt\/portal1\/?p=3023"},"modified":"2025-11-03T10:21:16","modified_gmt":"2025-11-03T10:21:16","slug":"corta-mato-escolar-2","status":"publish","type":"post","link":"https:\/\/www.quintadaspalmeiras.pt\/portal1\/2025\/11\/03\/corta-mato-escolar-2\/","title":{"rendered":"Corta-Mato escolar"},"content":{"rendered":"<p>Ter\u00e7a-feira &#8211; dia 11 novembro 2025 &#8211; Hor\u00e1rio: 8h20-13h10.<br \/>\nInscri\u00e7\u00f5es at\u00e9 dia 7 de novembro, junto do teu Professor de Educa\u00e7\u00e3o F\u00edsica.<\/p>\n<p style=\"text-align: center;\"><a href=\"https:\/\/www.quintadaspalmeiras.pt\/portal1\/wp-content\/uploads\/2025\/11\/CARTAZ-CORTA-MATO-11-NOV-2025.pdf\" class=\"pdfemb-viewer\" style=\"\" data-width=\"max\" data-height=\"max\" data-toolbar=\"bottom\" data-toolbar-fixed=\"off\">CARTAZ CORTA-MATO 11 NOV 2025<\/a><\/p>\n","protected":false},"excerpt":{"rendered":"<p>Ter\u00e7a-feira &#8211; dia 11 novembro 2025 &#8211; Hor\u00e1rio: 8h20-13h10. Inscri\u00e7\u00f5es at\u00e9 dia 7 de novembro, junto do teu Professor de Educa\u00e7\u00e3o F\u00edsica.<\/p>\n","protected":false},"author":2,"featured_media":3026,"comment_status":"closed","ping_status":"closed","sticky":false,"template":"","format":"standard","meta":{"_angie_page":false,"_crdt_document":"","page_builder":"","footnotes":""},"categories":[1],"tags":[],"class_list":["post-3023","post","type-post","status-publish","format-standard","has-post-thumbnail","hentry","category-sem-categoria"],"_links":{"self":[{"href":"https:\/\/www.quintadaspalmeiras.pt\/portal1\/wp-json\/wp\/v2\/posts\/3023","targetHints":{"allow":["GET"]}}],"collection":[{"href":"https:\/\/www.quintadaspalmeiras.pt\/portal1\/wp-json\/wp\/v2\/posts"}],"about":[{"href":"https:\/\/www.quintadaspalmeiras.pt\/portal1\/wp-json\/wp\/v2\/types\/post"}],"author":[{"embeddable":true,"href":"https:\/\/www.quintadaspalmeiras.pt\/portal1\/wp-json\/wp\/v2\/users\/2"}],"replies":[{"embeddable":true,"href":"https:\/\/www.quintadaspalmeiras.pt\/portal1\/wp-json\/wp\/v2\/comments?post=3023"}],"version-history":[{"count":1,"href":"https:\/\/www.quintadaspalmeiras.pt\/portal1\/wp-json\/wp\/v2\/posts\/3023\/revisions"}],"predecessor-version":[{"id":3025,"href":"https:\/\/www.quintadaspalmeiras.pt\/portal1\/wp-json\/wp\/v2\/posts\/3023\/revisions\/3025"}],"wp:featuredmedia":[{"embeddable":true,"href":"https:\/\/www.quintadaspalmeiras.pt\/portal1\/wp-json\/wp\/v2\/media\/3026"}],"wp:attachment":[{"href":"https:\/\/www.quintadaspalmeiras.pt\/portal1\/wp-json\/wp\/v2\/media?parent=3023"}],"wp:term":[{"taxonomy":"category","embeddable":true,"href":"https:\/\/www.quintadaspalmeiras.pt\/portal1\/wp-json\/wp\/v2\/categories?post=3023"},{"taxonomy":"post_tag","embeddable":true,"href":"https:\/\/www.quintadaspalmeiras.pt\/portal1\/wp-json\/wp\/v2\/tags?post=3023"}],"curies":[{"name":"wp","href":"https:\/\/api.w.org\/{rel}","templated":true}]}}