{"id":2888,"date":"2025-10-24T11:24:05","date_gmt":"2025-10-24T11:24:05","guid":{"rendered":"https:\/\/www.quintadaspalmeiras.pt\/portal1\/?p=2888"},"modified":"2025-10-27T09:06:52","modified_gmt":"2025-10-27T09:06:52","slug":"iii-jornadas-de-educacao-da-guarda","status":"publish","type":"post","link":"https:\/\/www.quintadaspalmeiras.pt\/portal1\/2025\/10\/24\/iii-jornadas-de-educacao-da-guarda\/","title":{"rendered":"III Jornadas de Educa\u00e7\u00e3o da Guarda"},"content":{"rendered":"<p>III Jornadas de Educa\u00e7\u00e3o da Guarda | Educar: o futuro nas nossas m\u00e3os. 14 e 15 de novembro. Teatro municipal da Guarda.<\/p>\n<div style=\"width: 1080px;\" class=\"wp-video\"><video class=\"wp-video-shortcode\" id=\"video-2888-1\" width=\"1080\" height=\"1920\" preload=\"metadata\" controls=\"controls\"><source type=\"video\/mp4\" src=\"https:\/\/www.quintadaspalmeiras.pt\/portal1\/wp-content\/uploads\/2025\/10\/c7cb41bb-b0ce-4d00-924f-3c33a4f7e30b.mp4?_=1\" \/><a href=\"https:\/\/www.quintadaspalmeiras.pt\/portal1\/wp-content\/uploads\/2025\/10\/c7cb41bb-b0ce-4d00-924f-3c33a4f7e30b.mp4\">https:\/\/www.quintadaspalmeiras.pt\/portal1\/wp-content\/uploads\/2025\/10\/c7cb41bb-b0ce-4d00-924f-3c33a4f7e30b.mp4<\/a><\/video><\/div>\n","protected":false},"excerpt":{"rendered":"<p>III Jornadas de Educa\u00e7\u00e3o da Guarda | Educar: o futuro nas nossas m\u00e3os. 14 e 15 de novembro. Teatro municipal da Guarda.<\/p>\n","protected":false},"author":2,"featured_media":2890,"comment_status":"closed","ping_status":"closed","sticky":false,"template":"","format":"standard","meta":{"_angie_page":false,"_crdt_document":"","page_builder":"","footnotes":""},"categories":[1],"tags":[],"class_list":["post-2888","post","type-post","status-publish","format-standard","has-post-thumbnail","hentry","category-sem-categoria"],"_links":{"self":[{"href":"https:\/\/www.quintadaspalmeiras.pt\/portal1\/wp-json\/wp\/v2\/posts\/2888","targetHints":{"allow":["GET"]}}],"collection":[{"href":"https:\/\/www.quintadaspalmeiras.pt\/portal1\/wp-json\/wp\/v2\/posts"}],"about":[{"href":"https:\/\/www.quintadaspalmeiras.pt\/portal1\/wp-json\/wp\/v2\/types\/post"}],"author":[{"embeddable":true,"href":"https:\/\/www.quintadaspalmeiras.pt\/portal1\/wp-json\/wp\/v2\/users\/2"}],"replies":[{"embeddable":true,"href":"https:\/\/www.quintadaspalmeiras.pt\/portal1\/wp-json\/wp\/v2\/comments?post=2888"}],"version-history":[{"count":3,"href":"https:\/\/www.quintadaspalmeiras.pt\/portal1\/wp-json\/wp\/v2\/posts\/2888\/revisions"}],"predecessor-version":[{"id":2895,"href":"https:\/\/www.quintadaspalmeiras.pt\/portal1\/wp-json\/wp\/v2\/posts\/2888\/revisions\/2895"}],"wp:featuredmedia":[{"embeddable":true,"href":"https:\/\/www.quintadaspalmeiras.pt\/portal1\/wp-json\/wp\/v2\/media\/2890"}],"wp:attachment":[{"href":"https:\/\/www.quintadaspalmeiras.pt\/portal1\/wp-json\/wp\/v2\/media?parent=2888"}],"wp:term":[{"taxonomy":"category","embeddable":true,"href":"https:\/\/www.quintadaspalmeiras.pt\/portal1\/wp-json\/wp\/v2\/categories?post=2888"},{"taxonomy":"post_tag","embeddable":true,"href":"https:\/\/www.quintadaspalmeiras.pt\/portal1\/wp-json\/wp\/v2\/tags?post=2888"}],"curies":[{"name":"wp","href":"https:\/\/api.w.org\/{rel}","templated":true}]}}