{"id":2875,"date":"2025-10-23T19:05:35","date_gmt":"2025-10-23T19:05:35","guid":{"rendered":"https:\/\/www.quintadaspalmeiras.pt\/portal1\/?p=2875"},"modified":"2025-11-06T11:03:16","modified_gmt":"2025-11-06T11:03:16","slug":"contratacao-de-escola-horario-no-14-290-educacao-moral-religiosa-catolica-1-hora","status":"publish","type":"post","link":"https:\/\/www.quintadaspalmeiras.pt\/portal1\/2025\/10\/23\/contratacao-de-escola-horario-no-14-290-educacao-moral-religiosa-catolica-1-hora\/","title":{"rendered":"CONTRATA\u00c7\u00c3O DE ESCOLA &#8211; Hor\u00e1rio N\u00ba 14 &#8211; 290 &#8211; Educa\u00e7\u00e3o Moral Religiosa Cat\u00f3lica &#8211; 1 hora"},"content":{"rendered":"<p class=\"p2\" style=\"text-align: center;\"><b>AVISO DE ABERTURA <\/b><b><\/b><\/p>\n<p class=\"p2\" style=\"text-align: center;\"><b>Contrata\u00e7\u00e3o de Escola \u2013 Ano letivo 2025\/2026<\/b><\/p>\n<a href=\"https:\/\/www.quintadaspalmeiras.pt\/portal1\/wp-content\/uploads\/2025\/10\/00-Horario-No14-290-Aviso-de-Abertura-Religiao-e-Moral.pdf\" class=\"pdfemb-viewer\" style=\"\" data-width=\"max\" data-height=\"max\" data-toolbar=\"bottom\" data-toolbar-fixed=\"off\">00 - Hora\u0301rio N\u00ba14 - 290 - Aviso de Abertura - Religia\u0303o e Moral<\/a>\n<p>31\/10\/2025<\/p>\n<p style=\"text-align: center;\"><strong>HOR\u00c1RIO ANULADO<\/strong><\/p>\n<p>&nbsp;<\/p>\n","protected":false},"excerpt":{"rendered":"<p>AVISO DE ABERTURA Contrata\u00e7\u00e3o de Escola \u2013 Ano letivo 2025\/2026 31\/10\/2025 HOR\u00c1RIO ANULADO &nbsp;<\/p>\n","protected":false},"author":1,"featured_media":0,"comment_status":"closed","ping_status":"closed","sticky":false,"template":"","format":"standard","meta":{"_angie_page":false,"_crdt_document":"","page_builder":"","footnotes":""},"categories":[8],"tags":[],"class_list":["post-2875","post","type-post","status-publish","format-standard","hentry","category-concursos"],"_links":{"self":[{"href":"https:\/\/www.quintadaspalmeiras.pt\/portal1\/wp-json\/wp\/v2\/posts\/2875","targetHints":{"allow":["GET"]}}],"collection":[{"href":"https:\/\/www.quintadaspalmeiras.pt\/portal1\/wp-json\/wp\/v2\/posts"}],"about":[{"href":"https:\/\/www.quintadaspalmeiras.pt\/portal1\/wp-json\/wp\/v2\/types\/post"}],"author":[{"embeddable":true,"href":"https:\/\/www.quintadaspalmeiras.pt\/portal1\/wp-json\/wp\/v2\/users\/1"}],"replies":[{"embeddable":true,"href":"https:\/\/www.quintadaspalmeiras.pt\/portal1\/wp-json\/wp\/v2\/comments?post=2875"}],"version-history":[{"count":3,"href":"https:\/\/www.quintadaspalmeiras.pt\/portal1\/wp-json\/wp\/v2\/posts\/2875\/revisions"}],"predecessor-version":[{"id":3056,"href":"https:\/\/www.quintadaspalmeiras.pt\/portal1\/wp-json\/wp\/v2\/posts\/2875\/revisions\/3056"}],"wp:attachment":[{"href":"https:\/\/www.quintadaspalmeiras.pt\/portal1\/wp-json\/wp\/v2\/media?parent=2875"}],"wp:term":[{"taxonomy":"category","embeddable":true,"href":"https:\/\/www.quintadaspalmeiras.pt\/portal1\/wp-json\/wp\/v2\/categories?post=2875"},{"taxonomy":"post_tag","embeddable":true,"href":"https:\/\/www.quintadaspalmeiras.pt\/portal1\/wp-json\/wp\/v2\/tags?post=2875"}],"curies":[{"name":"wp","href":"https:\/\/api.w.org\/{rel}","templated":true}]}}