{"id":2864,"date":"2025-10-23T10:06:27","date_gmt":"2025-10-23T10:06:27","guid":{"rendered":"https:\/\/www.quintadaspalmeiras.pt\/portal1\/?p=2864"},"modified":"2025-10-27T10:28:35","modified_gmt":"2025-10-27T10:28:35","slug":"alunos-da-esqp-apresentam-medidas-para-melhorar-a-educacao-em-portugal","status":"publish","type":"post","link":"https:\/\/www.quintadaspalmeiras.pt\/portal1\/2025\/10\/23\/alunos-da-esqp-apresentam-medidas-para-melhorar-a-educacao-em-portugal\/","title":{"rendered":"Alunos da ESQP apresentam &#8220;Medidas para melhorar a educa\u00e7\u00e3o em Portugal&#8221;"},"content":{"rendered":"<p>A Comiss\u00e3o de Educa\u00e7\u00e3o e Ci\u00eancia da Assembleia da Rep\u00fablica convidou alunos a debater medidas para melhorar a Educa\u00e7\u00e3o em Portugal. Na simula\u00e7\u00e3o de Assembleia, no dia 19 de maio de 2025,\u00a0 participaram trinta alunos, organizados em grupos, que representaram nove partidos pol\u00edticos distintos. A atividade teve como objetivo debater medidas para melhorar a Educa\u00e7\u00e3o em Portugal. Ap\u00f3s o debate dos programas de medidas elaborados por cada grupo, procedeu-se \u00e0 vota\u00e7\u00e3o dos mesmos, tendo sido escolhido o projeto de recomenda\u00e7\u00e3o elaborado pelos alunos da Escola Secund\u00e1ria Quinta das Palmeiras &#8211; Covilh\u00e3, Beatriz Castro, Carolina Pombo, Iara Reis e Jos\u00e9 Ricardo, do 11\u00baE. O projeto de recomenda\u00e7\u00e3o foi enviado para a Comiss\u00e3o de Educa\u00e7\u00e3o e Ci\u00eancia que, ap\u00f3s an\u00e1lise do mesmo, e dada a sua pertin\u00eancia, convidou os alunos da ESQP para apresentarem as suas medidas presencialmente, o que aconteceu no dia 22 de outubro. As medidas para melhorar a Educa\u00e7\u00e3o em Portugal foram debatidas no \u00e2mbito do projeto escolar\u00a0<i>Pol\u00edtica para Futuros Cidad\u00e3os.\u00a0<\/i>Trata-se de um projeto educativo criado pelo aluno Guilherme Alberto, que frequentou a nossa escola e ao qual agradecemos pela cria\u00e7\u00e3o do projeto em si, pela iniciativa de realizar o debate no ano letivo anterior e por ter estado presente na audi\u00eancia prestando, desta forma, apoio aos seus colegas que estavam a apresentar as medidas.<\/p>\n<div style=\"width: 640px;\" class=\"wp-video\"><video class=\"wp-video-shortcode\" id=\"video-2864-1\" width=\"640\" height=\"360\" preload=\"metadata\" controls=\"controls\"><source type=\"video\/mp4\" src=\"https:\/\/www.quintadaspalmeiras.pt\/portal1\/wp-content\/uploads\/2025\/10\/AQP6m_rDXW_v8AmsaaTWDi19PvyvZ3jtCjewc-3GtsOeJjEYvvaxAXWya8CL3roHQG67o9f-r5KVqQHk3UPB-chiFB5GW9qdGjQ3vSghTg.mp4?_=1\" \/><a href=\"https:\/\/www.quintadaspalmeiras.pt\/portal1\/wp-content\/uploads\/2025\/10\/AQP6m_rDXW_v8AmsaaTWDi19PvyvZ3jtCjewc-3GtsOeJjEYvvaxAXWya8CL3roHQG67o9f-r5KVqQHk3UPB-chiFB5GW9qdGjQ3vSghTg.mp4\">https:\/\/www.quintadaspalmeiras.pt\/portal1\/wp-content\/uploads\/2025\/10\/AQP6m_rDXW_v8AmsaaTWDi19PvyvZ3jtCjewc-3GtsOeJjEYvvaxAXWya8CL3roHQG67o9f-r5KVqQHk3UPB-chiFB5GW9qdGjQ3vSghTg.mp4<\/a><\/video><\/div>\n<p style=\"text-align: center;\"><img decoding=\"async\" class=\"wp-image-2866 alignleft lazyload\" data-src=\"https:\/\/www.quintadaspalmeiras.pt\/portal1\/wp-content\/uploads\/2025\/10\/570615444_1677803553219865_1222431308242083189_n-300x251.jpg\" alt=\"\" width=\"753\" height=\"630\" data-srcset=\"https:\/\/www.quintadaspalmeiras.pt\/portal1\/wp-content\/uploads\/2025\/10\/570615444_1677803553219865_1222431308242083189_n-300x251.jpg 300w, https:\/\/www.quintadaspalmeiras.pt\/portal1\/wp-content\/uploads\/2025\/10\/570615444_1677803553219865_1222431308242083189_n-768x644.jpg 768w, https:\/\/www.quintadaspalmeiras.pt\/portal1\/wp-content\/uploads\/2025\/10\/570615444_1677803553219865_1222431308242083189_n.jpg 940w\" data-sizes=\"(max-width: 709px) 85vw, (max-width: 909px) 67vw, (max-width: 984px) 61vw, (max-width: 1362px) 45vw, 600px\" src=\"data:image\/svg+xml;base64,PHN2ZyB3aWR0aD0iMSIgaGVpZ2h0PSIxIiB4bWxucz0iaHR0cDovL3d3dy53My5vcmcvMjAwMC9zdmciPjwvc3ZnPg==\" style=\"--smush-placeholder-width: 753px; --smush-placeholder-aspect-ratio: 753\/630;\" \/><\/p>\n","protected":false},"excerpt":{"rendered":"<p>A Comiss\u00e3o de Educa\u00e7\u00e3o e Ci\u00eancia da Assembleia da Rep\u00fablica convidou alunos a debater medidas para melhorar a Educa\u00e7\u00e3o em Portugal. Na simula\u00e7\u00e3o de Assembleia, no dia 19 de maio de 2025,\u00a0 participaram trinta alunos, organizados em grupos, que representaram nove partidos pol\u00edticos distintos. A atividade teve como objetivo debater medidas para melhorar a Educa\u00e7\u00e3o &hellip; <a href=\"https:\/\/www.quintadaspalmeiras.pt\/portal1\/2025\/10\/23\/alunos-da-esqp-apresentam-medidas-para-melhorar-a-educacao-em-portugal\/\" class=\"more-link\">Continue reading<span class=\"screen-reader-text\"> &#8220;Alunos da ESQP apresentam &#8220;Medidas para melhorar a educa\u00e7\u00e3o em Portugal&#8221;&#8221;<\/span><\/a><\/p>\n","protected":false},"author":2,"featured_media":2867,"comment_status":"closed","ping_status":"closed","sticky":false,"template":"","format":"standard","meta":{"_angie_page":false,"_crdt_document":"","page_builder":"","footnotes":""},"categories":[1],"tags":[],"class_list":["post-2864","post","type-post","status-publish","format-standard","has-post-thumbnail","hentry","category-sem-categoria"],"_links":{"self":[{"href":"https:\/\/www.quintadaspalmeiras.pt\/portal1\/wp-json\/wp\/v2\/posts\/2864","targetHints":{"allow":["GET"]}}],"collection":[{"href":"https:\/\/www.quintadaspalmeiras.pt\/portal1\/wp-json\/wp\/v2\/posts"}],"about":[{"href":"https:\/\/www.quintadaspalmeiras.pt\/portal1\/wp-json\/wp\/v2\/types\/post"}],"author":[{"embeddable":true,"href":"https:\/\/www.quintadaspalmeiras.pt\/portal1\/wp-json\/wp\/v2\/users\/2"}],"replies":[{"embeddable":true,"href":"https:\/\/www.quintadaspalmeiras.pt\/portal1\/wp-json\/wp\/v2\/comments?post=2864"}],"version-history":[{"count":6,"href":"https:\/\/www.quintadaspalmeiras.pt\/portal1\/wp-json\/wp\/v2\/posts\/2864\/revisions"}],"predecessor-version":[{"id":2896,"href":"https:\/\/www.quintadaspalmeiras.pt\/portal1\/wp-json\/wp\/v2\/posts\/2864\/revisions\/2896"}],"wp:featuredmedia":[{"embeddable":true,"href":"https:\/\/www.quintadaspalmeiras.pt\/portal1\/wp-json\/wp\/v2\/media\/2867"}],"wp:attachment":[{"href":"https:\/\/www.quintadaspalmeiras.pt\/portal1\/wp-json\/wp\/v2\/media?parent=2864"}],"wp:term":[{"taxonomy":"category","embeddable":true,"href":"https:\/\/www.quintadaspalmeiras.pt\/portal1\/wp-json\/wp\/v2\/categories?post=2864"},{"taxonomy":"post_tag","embeddable":true,"href":"https:\/\/www.quintadaspalmeiras.pt\/portal1\/wp-json\/wp\/v2\/tags?post=2864"}],"curies":[{"name":"wp","href":"https:\/\/api.w.org\/{rel}","templated":true}]}}