{"id":2829,"date":"2025-10-16T09:28:53","date_gmt":"2025-10-16T09:28:53","guid":{"rendered":"https:\/\/www.quintadaspalmeiras.pt\/portal1\/?p=2829"},"modified":"2025-10-16T09:28:53","modified_gmt":"2025-10-16T09:28:53","slug":"dia-de-la-hispanidad-2","status":"publish","type":"post","link":"https:\/\/www.quintadaspalmeiras.pt\/portal1\/2025\/10\/16\/dia-de-la-hispanidad-2\/","title":{"rendered":"D\u00eda de la Hispanidad"},"content":{"rendered":"<p>O grupo disciplinar de espanhol da nossa Escola dinamizou, no dia 10 de outubro, a celebra\u00e7\u00e3o do &#8220;D\u00eda de la Hispanidad&#8221;, com uma exposi\u00e7\u00e3o que continha v\u00e1rios elementos representativos da cultura hispana, como gastronomia, m\u00fasica, dan\u00e7as e tradi\u00e7\u00f5es dos pa\u00edses de l\u00edngua espanhola.<br \/>\nAinda no intervalo, os alunos de espanhol apresentaram a pe\u00e7a de teatro \u201cEl nuevo mundo\u201d, que simbolizou a chegada de Crist\u00f3v\u00e3o Colombo \u00e0 Am\u00e9rica e o encontro de culturas.<br \/>\nPara finalizar a atividade, foi organizado um jogo de associa\u00e7\u00e3o entre imagens e descri\u00e7\u00f5es, promovendo a explora\u00e7\u00e3o do mundo hispano de uma forma divertida e educativa.<\/p>\n<div id='gallery-1' class='gallery galleryid-2829 gallery-columns-1 gallery-size-large'><figure class='gallery-item'>\n\t\t\t<div class='gallery-icon portrait'>\n\t\t\t\t<img decoding=\"async\" width=\"576\" height=\"1024\" data-src=\"https:\/\/www.quintadaspalmeiras.pt\/portal1\/wp-content\/uploads\/2025\/10\/0000-576x1024.jpg\" class=\"attachment-large size-large lazyload\" alt=\"\" data-srcset=\"https:\/\/www.quintadaspalmeiras.pt\/portal1\/wp-content\/uploads\/2025\/10\/0000-576x1024.jpg 576w, https:\/\/www.quintadaspalmeiras.pt\/portal1\/wp-content\/uploads\/2025\/10\/0000-169x300.jpg 169w, https:\/\/www.quintadaspalmeiras.pt\/portal1\/wp-content\/uploads\/2025\/10\/0000-768x1365.jpg 768w, https:\/\/www.quintadaspalmeiras.pt\/portal1\/wp-content\/uploads\/2025\/10\/0000-864x1536.jpg 864w, https:\/\/www.quintadaspalmeiras.pt\/portal1\/wp-content\/uploads\/2025\/10\/0000.jpg 900w\" data-sizes=\"(max-width: 576px) 85vw, 576px\" src=\"data:image\/svg+xml;base64,PHN2ZyB3aWR0aD0iMSIgaGVpZ2h0PSIxIiB4bWxucz0iaHR0cDovL3d3dy53My5vcmcvMjAwMC9zdmciPjwvc3ZnPg==\" style=\"--smush-placeholder-width: 576px; --smush-placeholder-aspect-ratio: 576\/1024;\" \/>\n\t\t\t<\/div><\/figure><figure class='gallery-item'>\n\t\t\t<div class='gallery-icon portrait'>\n\t\t\t\t<img decoding=\"async\" width=\"576\" height=\"1024\" data-src=\"https:\/\/www.quintadaspalmeiras.pt\/portal1\/wp-content\/uploads\/2025\/10\/f42f8f76-47e3-419a-bb76-3dd136a35b7a-576x1024.jpg\" class=\"attachment-large size-large lazyload\" alt=\"\" data-srcset=\"https:\/\/www.quintadaspalmeiras.pt\/portal1\/wp-content\/uploads\/2025\/10\/f42f8f76-47e3-419a-bb76-3dd136a35b7a-576x1024.jpg 576w, https:\/\/www.quintadaspalmeiras.pt\/portal1\/wp-content\/uploads\/2025\/10\/f42f8f76-47e3-419a-bb76-3dd136a35b7a-169x300.jpg 169w, https:\/\/www.quintadaspalmeiras.pt\/portal1\/wp-content\/uploads\/2025\/10\/f42f8f76-47e3-419a-bb76-3dd136a35b7a-768x1365.jpg 768w, https:\/\/www.quintadaspalmeiras.pt\/portal1\/wp-content\/uploads\/2025\/10\/f42f8f76-47e3-419a-bb76-3dd136a35b7a-864x1536.jpg 864w, https:\/\/www.quintadaspalmeiras.pt\/portal1\/wp-content\/uploads\/2025\/10\/f42f8f76-47e3-419a-bb76-3dd136a35b7a.jpg 1152w\" data-sizes=\"(max-width: 576px) 85vw, 576px\" src=\"data:image\/svg+xml;base64,PHN2ZyB3aWR0aD0iMSIgaGVpZ2h0PSIxIiB4bWxucz0iaHR0cDovL3d3dy53My5vcmcvMjAwMC9zdmciPjwvc3ZnPg==\" style=\"--smush-placeholder-width: 576px; --smush-placeholder-aspect-ratio: 576\/1024;\" \/>\n\t\t\t<\/div><\/figure><figure class='gallery-item'>\n\t\t\t<div class='gallery-icon portrait'>\n\t\t\t\t<img decoding=\"async\" width=\"576\" height=\"1024\" data-src=\"https:\/\/www.quintadaspalmeiras.pt\/portal1\/wp-content\/uploads\/2025\/10\/cbb9d7e9-b5a1-4c04-bcd8-9254dab25913-576x1024.jpg\" class=\"attachment-large size-large lazyload\" alt=\"\" data-srcset=\"https:\/\/www.quintadaspalmeiras.pt\/portal1\/wp-content\/uploads\/2025\/10\/cbb9d7e9-b5a1-4c04-bcd8-9254dab25913-576x1024.jpg 576w, https:\/\/www.quintadaspalmeiras.pt\/portal1\/wp-content\/uploads\/2025\/10\/cbb9d7e9-b5a1-4c04-bcd8-9254dab25913-169x300.jpg 169w, https:\/\/www.quintadaspalmeiras.pt\/portal1\/wp-content\/uploads\/2025\/10\/cbb9d7e9-b5a1-4c04-bcd8-9254dab25913-768x1365.jpg 768w, https:\/\/www.quintadaspalmeiras.pt\/portal1\/wp-content\/uploads\/2025\/10\/cbb9d7e9-b5a1-4c04-bcd8-9254dab25913-864x1536.jpg 864w, https:\/\/www.quintadaspalmeiras.pt\/portal1\/wp-content\/uploads\/2025\/10\/cbb9d7e9-b5a1-4c04-bcd8-9254dab25913.jpg 1152w\" data-sizes=\"(max-width: 576px) 85vw, 576px\" src=\"data:image\/svg+xml;base64,PHN2ZyB3aWR0aD0iMSIgaGVpZ2h0PSIxIiB4bWxucz0iaHR0cDovL3d3dy53My5vcmcvMjAwMC9zdmciPjwvc3ZnPg==\" style=\"--smush-placeholder-width: 576px; --smush-placeholder-aspect-ratio: 576\/1024;\" \/>\n\t\t\t<\/div><\/figure><figure class='gallery-item'>\n\t\t\t<div class='gallery-icon portrait'>\n\t\t\t\t<img decoding=\"async\" width=\"576\" height=\"1024\" data-src=\"https:\/\/www.quintadaspalmeiras.pt\/portal1\/wp-content\/uploads\/2025\/10\/947567ce-6cac-4056-9980-b5c7b8c30449-576x1024.jpg\" class=\"attachment-large size-large lazyload\" alt=\"\" data-srcset=\"https:\/\/www.quintadaspalmeiras.pt\/portal1\/wp-content\/uploads\/2025\/10\/947567ce-6cac-4056-9980-b5c7b8c30449-576x1024.jpg 576w, https:\/\/www.quintadaspalmeiras.pt\/portal1\/wp-content\/uploads\/2025\/10\/947567ce-6cac-4056-9980-b5c7b8c30449-169x300.jpg 169w, https:\/\/www.quintadaspalmeiras.pt\/portal1\/wp-content\/uploads\/2025\/10\/947567ce-6cac-4056-9980-b5c7b8c30449-768x1365.jpg 768w, https:\/\/www.quintadaspalmeiras.pt\/portal1\/wp-content\/uploads\/2025\/10\/947567ce-6cac-4056-9980-b5c7b8c30449-864x1536.jpg 864w, https:\/\/www.quintadaspalmeiras.pt\/portal1\/wp-content\/uploads\/2025\/10\/947567ce-6cac-4056-9980-b5c7b8c30449.jpg 1152w\" data-sizes=\"(max-width: 576px) 85vw, 576px\" src=\"data:image\/svg+xml;base64,PHN2ZyB3aWR0aD0iMSIgaGVpZ2h0PSIxIiB4bWxucz0iaHR0cDovL3d3dy53My5vcmcvMjAwMC9zdmciPjwvc3ZnPg==\" style=\"--smush-placeholder-width: 576px; --smush-placeholder-aspect-ratio: 576\/1024;\" \/>\n\t\t\t<\/div><\/figure><figure class='gallery-item'>\n\t\t\t<div class='gallery-icon portrait'>\n\t\t\t\t<img decoding=\"async\" width=\"576\" height=\"1024\" data-src=\"https:\/\/www.quintadaspalmeiras.pt\/portal1\/wp-content\/uploads\/2025\/10\/52282cac-26f4-4d10-b53f-bd95413b4461-576x1024.jpg\" class=\"attachment-large size-large lazyload\" alt=\"\" data-srcset=\"https:\/\/www.quintadaspalmeiras.pt\/portal1\/wp-content\/uploads\/2025\/10\/52282cac-26f4-4d10-b53f-bd95413b4461-576x1024.jpg 576w, https:\/\/www.quintadaspalmeiras.pt\/portal1\/wp-content\/uploads\/2025\/10\/52282cac-26f4-4d10-b53f-bd95413b4461-169x300.jpg 169w, https:\/\/www.quintadaspalmeiras.pt\/portal1\/wp-content\/uploads\/2025\/10\/52282cac-26f4-4d10-b53f-bd95413b4461-768x1365.jpg 768w, https:\/\/www.quintadaspalmeiras.pt\/portal1\/wp-content\/uploads\/2025\/10\/52282cac-26f4-4d10-b53f-bd95413b4461-864x1536.jpg 864w, https:\/\/www.quintadaspalmeiras.pt\/portal1\/wp-content\/uploads\/2025\/10\/52282cac-26f4-4d10-b53f-bd95413b4461.jpg 1152w\" data-sizes=\"(max-width: 576px) 85vw, 576px\" src=\"data:image\/svg+xml;base64,PHN2ZyB3aWR0aD0iMSIgaGVpZ2h0PSIxIiB4bWxucz0iaHR0cDovL3d3dy53My5vcmcvMjAwMC9zdmciPjwvc3ZnPg==\" style=\"--smush-placeholder-width: 576px; --smush-placeholder-aspect-ratio: 576\/1024;\" \/>\n\t\t\t<\/div><\/figure>\n\t\t<\/div>\n\n<p style=\"text-align: center;\">\n","protected":false},"excerpt":{"rendered":"<p>O grupo disciplinar de espanhol da nossa Escola dinamizou, no dia 10 de outubro, a celebra\u00e7\u00e3o do &#8220;D\u00eda de la Hispanidad&#8221;, com uma exposi\u00e7\u00e3o que continha v\u00e1rios elementos representativos da cultura hispana, como gastronomia, m\u00fasica, dan\u00e7as e tradi\u00e7\u00f5es dos pa\u00edses de l\u00edngua espanhola. Ainda no intervalo, os alunos de espanhol apresentaram a pe\u00e7a de teatro &hellip; <a href=\"https:\/\/www.quintadaspalmeiras.pt\/portal1\/2025\/10\/16\/dia-de-la-hispanidad-2\/\" class=\"more-link\">Continue reading<span class=\"screen-reader-text\"> &#8220;D\u00eda de la Hispanidad&#8221;<\/span><\/a><\/p>\n","protected":false},"author":2,"featured_media":2830,"comment_status":"closed","ping_status":"closed","sticky":false,"template":"","format":"standard","meta":{"_angie_page":false,"_crdt_document":"","page_builder":"","footnotes":""},"categories":[1],"tags":[],"class_list":["post-2829","post","type-post","status-publish","format-standard","has-post-thumbnail","hentry","category-sem-categoria"],"_links":{"self":[{"href":"https:\/\/www.quintadaspalmeiras.pt\/portal1\/wp-json\/wp\/v2\/posts\/2829","targetHints":{"allow":["GET"]}}],"collection":[{"href":"https:\/\/www.quintadaspalmeiras.pt\/portal1\/wp-json\/wp\/v2\/posts"}],"about":[{"href":"https:\/\/www.quintadaspalmeiras.pt\/portal1\/wp-json\/wp\/v2\/types\/post"}],"author":[{"embeddable":true,"href":"https:\/\/www.quintadaspalmeiras.pt\/portal1\/wp-json\/wp\/v2\/users\/2"}],"replies":[{"embeddable":true,"href":"https:\/\/www.quintadaspalmeiras.pt\/portal1\/wp-json\/wp\/v2\/comments?post=2829"}],"version-history":[{"count":1,"href":"https:\/\/www.quintadaspalmeiras.pt\/portal1\/wp-json\/wp\/v2\/posts\/2829\/revisions"}],"predecessor-version":[{"id":2839,"href":"https:\/\/www.quintadaspalmeiras.pt\/portal1\/wp-json\/wp\/v2\/posts\/2829\/revisions\/2839"}],"wp:featuredmedia":[{"embeddable":true,"href":"https:\/\/www.quintadaspalmeiras.pt\/portal1\/wp-json\/wp\/v2\/media\/2830"}],"wp:attachment":[{"href":"https:\/\/www.quintadaspalmeiras.pt\/portal1\/wp-json\/wp\/v2\/media?parent=2829"}],"wp:term":[{"taxonomy":"category","embeddable":true,"href":"https:\/\/www.quintadaspalmeiras.pt\/portal1\/wp-json\/wp\/v2\/categories?post=2829"},{"taxonomy":"post_tag","embeddable":true,"href":"https:\/\/www.quintadaspalmeiras.pt\/portal1\/wp-json\/wp\/v2\/tags?post=2829"}],"curies":[{"name":"wp","href":"https:\/\/api.w.org\/{rel}","templated":true}]}}