{"id":2820,"date":"2025-10-14T09:35:59","date_gmt":"2025-10-14T09:35:59","guid":{"rendered":"https:\/\/www.quintadaspalmeiras.pt\/portal1\/?p=2820"},"modified":"2025-10-14T09:49:18","modified_gmt":"2025-10-14T09:49:18","slug":"campanha-um-livro-para-mocambique","status":"publish","type":"post","link":"https:\/\/www.quintadaspalmeiras.pt\/portal1\/2025\/10\/14\/campanha-um-livro-para-mocambique\/","title":{"rendered":"Campanha UM LIVRO PARA MO\u00c7AMBIQUE"},"content":{"rendered":"<div>Come\u00e7ou a campanha solid\u00e1ria &#8220;UM LIVRO PARA MO\u00c7AMBIQUE&#8221;, aberta a toda a comunidade escolar. J\u00e1 podem entregar na nossa Biblioteca todos os livros que queiram doar para as Bibliotecas da Escola Jo\u00e3o XXIII e do Centro Educacional e Assistencial de La Salle (CEALS) em Mo\u00e7ambique.<br \/>\nExcetuando manuais escolares, todos os livros s\u00e3o bem vindos, principalmente os de literatura juvenil e livros infantis ilustrados, mas tamb\u00e9m romances e livros de fic\u00e7\u00e3o (com prefer\u00eancia para autores portugueses e da CPLP, mas todos s\u00e3o aceites), livros de divulga\u00e7\u00e3o cient\u00edfica, livros de contos, lendas e hist\u00f3rias tradicionais&#8230; de certeza que h\u00e1 l\u00e1 em vossa casa muitos livros que queiram doar! Vamos partilhar esta ideia e fazer crescer o sorriso das crian\u00e7as e jovens que ali estudam e que est\u00e3o a contar contigo para um futuro mais promissor.<br \/>\nPEQUENOS GESTOS MUDAM O MUNDO!<br \/>\n(uma iniciativa da Escola Secund\u00e1ria Quinta das Palmeiras em parceria com a SOPRO ONGD e a comunidade La Salle na Beira, Mo\u00e7ambique)<\/div>\n<div><\/div>\n<div>KANIMAMBO!<\/div>\n<div><\/div>\n<div style=\"text-align: center;\"><img decoding=\"async\" class=\"alignnone wp-image-2821 lazyload\" data-src=\"https:\/\/www.quintadaspalmeiras.pt\/portal1\/wp-content\/uploads\/2025\/10\/RecolhaLivrosWEB-212x300.jpg\" alt=\"\" width=\"575\" height=\"814\" data-srcset=\"https:\/\/www.quintadaspalmeiras.pt\/portal1\/wp-content\/uploads\/2025\/10\/RecolhaLivrosWEB-212x300.jpg 212w, https:\/\/www.quintadaspalmeiras.pt\/portal1\/wp-content\/uploads\/2025\/10\/RecolhaLivrosWEB-724x1024.jpg 724w, https:\/\/www.quintadaspalmeiras.pt\/portal1\/wp-content\/uploads\/2025\/10\/RecolhaLivrosWEB-768x1086.jpg 768w, https:\/\/www.quintadaspalmeiras.pt\/portal1\/wp-content\/uploads\/2025\/10\/RecolhaLivrosWEB.jpg 955w\" data-sizes=\"(max-width: 575px) 85vw, 575px\" src=\"data:image\/svg+xml;base64,PHN2ZyB3aWR0aD0iMSIgaGVpZ2h0PSIxIiB4bWxucz0iaHR0cDovL3d3dy53My5vcmcvMjAwMC9zdmciPjwvc3ZnPg==\" style=\"--smush-placeholder-width: 575px; --smush-placeholder-aspect-ratio: 575\/814;\" \/><\/div>\n<div><\/div>\n<div style=\"text-align: center;\"><a href=\"https:\/\/drive.google.com\/file\/d\/113R1YHC-xbe3BigTvWFYG8x7TZXo4Rxp\">CEALS<\/a><\/div>\n<div><\/div>\n<div style=\"text-align: center;\"><a href=\"https:\/\/drive.google.com\/file\/d\/1oMQYk4KdqZ8VWZ6aMj_DDhCnzT-MCHK2\">ESCOLA JOAO XXIII<\/a><\/div>\n<div style=\"text-align: center;\"><\/div>\n","protected":false},"excerpt":{"rendered":"<p>Come\u00e7ou a campanha solid\u00e1ria &#8220;UM LIVRO PARA MO\u00c7AMBIQUE&#8221;, aberta a toda a comunidade escolar. J\u00e1 podem entregar na nossa Biblioteca todos os livros que queiram doar para as Bibliotecas da Escola Jo\u00e3o XXIII e do Centro Educacional e Assistencial de La Salle (CEALS) em Mo\u00e7ambique. Excetuando manuais escolares, todos os livros s\u00e3o bem vindos, principalmente &hellip; <a href=\"https:\/\/www.quintadaspalmeiras.pt\/portal1\/2025\/10\/14\/campanha-um-livro-para-mocambique\/\" class=\"more-link\">Continue reading<span class=\"screen-reader-text\"> &#8220;Campanha UM LIVRO PARA MO\u00c7AMBIQUE&#8221;<\/span><\/a><\/p>\n","protected":false},"author":2,"featured_media":2823,"comment_status":"closed","ping_status":"closed","sticky":false,"template":"","format":"standard","meta":{"_angie_page":false,"_crdt_document":"","page_builder":"","footnotes":""},"categories":[1],"tags":[],"class_list":["post-2820","post","type-post","status-publish","format-standard","has-post-thumbnail","hentry","category-sem-categoria"],"_links":{"self":[{"href":"https:\/\/www.quintadaspalmeiras.pt\/portal1\/wp-json\/wp\/v2\/posts\/2820","targetHints":{"allow":["GET"]}}],"collection":[{"href":"https:\/\/www.quintadaspalmeiras.pt\/portal1\/wp-json\/wp\/v2\/posts"}],"about":[{"href":"https:\/\/www.quintadaspalmeiras.pt\/portal1\/wp-json\/wp\/v2\/types\/post"}],"author":[{"embeddable":true,"href":"https:\/\/www.quintadaspalmeiras.pt\/portal1\/wp-json\/wp\/v2\/users\/2"}],"replies":[{"embeddable":true,"href":"https:\/\/www.quintadaspalmeiras.pt\/portal1\/wp-json\/wp\/v2\/comments?post=2820"}],"version-history":[{"count":3,"href":"https:\/\/www.quintadaspalmeiras.pt\/portal1\/wp-json\/wp\/v2\/posts\/2820\/revisions"}],"predecessor-version":[{"id":2828,"href":"https:\/\/www.quintadaspalmeiras.pt\/portal1\/wp-json\/wp\/v2\/posts\/2820\/revisions\/2828"}],"wp:featuredmedia":[{"embeddable":true,"href":"https:\/\/www.quintadaspalmeiras.pt\/portal1\/wp-json\/wp\/v2\/media\/2823"}],"wp:attachment":[{"href":"https:\/\/www.quintadaspalmeiras.pt\/portal1\/wp-json\/wp\/v2\/media?parent=2820"}],"wp:term":[{"taxonomy":"category","embeddable":true,"href":"https:\/\/www.quintadaspalmeiras.pt\/portal1\/wp-json\/wp\/v2\/categories?post=2820"},{"taxonomy":"post_tag","embeddable":true,"href":"https:\/\/www.quintadaspalmeiras.pt\/portal1\/wp-json\/wp\/v2\/tags?post=2820"}],"curies":[{"name":"wp","href":"https:\/\/api.w.org\/{rel}","templated":true}]}}