{"id":2816,"date":"2025-10-08T13:26:52","date_gmt":"2025-10-08T13:26:52","guid":{"rendered":"https:\/\/www.quintadaspalmeiras.pt\/portal1\/?p=2816"},"modified":"2025-10-13T09:38:19","modified_gmt":"2025-10-13T09:38:19","slug":"cafe-autarquico-ep-5","status":"publish","type":"post","link":"https:\/\/www.quintadaspalmeiras.pt\/portal1\/2025\/10\/08\/cafe-autarquico-ep-5\/","title":{"rendered":"Caf\u00e9 aut\u00e1rquico \u2013 Ep.5"},"content":{"rendered":"<p>Mais um Caf\u00e9 aut\u00e1rquico, desta vez com Jorge Sim\u00f5es, o candidato \u00e0 Presid\u00eancia da C\u00e2mara da Covilh\u00e3, pelo PSD.<\/p>\n<div style=\"width: 400px;\" class=\"wp-video\"><video class=\"wp-video-shortcode\" id=\"video-2816-1\" width=\"400\" height=\"1000\" preload=\"metadata\" controls=\"controls\"><source type=\"video\/mp4\" src=\"https:\/\/www.quintadaspalmeiras.pt\/portal1\/wp-content\/uploads\/2025\/10\/20251008_103827_Bk.mp4?_=1\" \/><a href=\"https:\/\/www.quintadaspalmeiras.pt\/portal1\/wp-content\/uploads\/2025\/10\/20251008_103827_Bk.mp4\">https:\/\/www.quintadaspalmeiras.pt\/portal1\/wp-content\/uploads\/2025\/10\/20251008_103827_Bk.mp4<\/a><\/video><\/div>\n","protected":false},"excerpt":{"rendered":"<p>Mais um Caf\u00e9 aut\u00e1rquico, desta vez com Jorge Sim\u00f5es, o candidato \u00e0 Presid\u00eancia da C\u00e2mara da Covilh\u00e3, pelo PSD.<\/p>\n","protected":false},"author":2,"featured_media":2789,"comment_status":"closed","ping_status":"closed","sticky":false,"template":"","format":"standard","meta":{"_angie_page":false,"_crdt_document":"","page_builder":"","footnotes":""},"categories":[1],"tags":[],"class_list":["post-2816","post","type-post","status-publish","format-standard","has-post-thumbnail","hentry","category-sem-categoria"],"_links":{"self":[{"href":"https:\/\/www.quintadaspalmeiras.pt\/portal1\/wp-json\/wp\/v2\/posts\/2816","targetHints":{"allow":["GET"]}}],"collection":[{"href":"https:\/\/www.quintadaspalmeiras.pt\/portal1\/wp-json\/wp\/v2\/posts"}],"about":[{"href":"https:\/\/www.quintadaspalmeiras.pt\/portal1\/wp-json\/wp\/v2\/types\/post"}],"author":[{"embeddable":true,"href":"https:\/\/www.quintadaspalmeiras.pt\/portal1\/wp-json\/wp\/v2\/users\/2"}],"replies":[{"embeddable":true,"href":"https:\/\/www.quintadaspalmeiras.pt\/portal1\/wp-json\/wp\/v2\/comments?post=2816"}],"version-history":[{"count":1,"href":"https:\/\/www.quintadaspalmeiras.pt\/portal1\/wp-json\/wp\/v2\/posts\/2816\/revisions"}],"predecessor-version":[{"id":2818,"href":"https:\/\/www.quintadaspalmeiras.pt\/portal1\/wp-json\/wp\/v2\/posts\/2816\/revisions\/2818"}],"wp:featuredmedia":[{"embeddable":true,"href":"https:\/\/www.quintadaspalmeiras.pt\/portal1\/wp-json\/wp\/v2\/media\/2789"}],"wp:attachment":[{"href":"https:\/\/www.quintadaspalmeiras.pt\/portal1\/wp-json\/wp\/v2\/media?parent=2816"}],"wp:term":[{"taxonomy":"category","embeddable":true,"href":"https:\/\/www.quintadaspalmeiras.pt\/portal1\/wp-json\/wp\/v2\/categories?post=2816"},{"taxonomy":"post_tag","embeddable":true,"href":"https:\/\/www.quintadaspalmeiras.pt\/portal1\/wp-json\/wp\/v2\/tags?post=2816"}],"curies":[{"name":"wp","href":"https:\/\/api.w.org\/{rel}","templated":true}]}}