{"id":2809,"date":"2025-10-07T18:15:42","date_gmt":"2025-10-07T18:15:42","guid":{"rendered":"https:\/\/www.quintadaspalmeiras.pt\/portal1\/?p=2809"},"modified":"2025-10-13T09:36:58","modified_gmt":"2025-10-13T09:36:58","slug":"cafe-autarquico-ep-3","status":"publish","type":"post","link":"https:\/\/www.quintadaspalmeiras.pt\/portal1\/2025\/10\/07\/cafe-autarquico-ep-3\/","title":{"rendered":"Caf\u00e9 aut\u00e1rquico &#8211; Ep.3"},"content":{"rendered":"<p>O projeto \u201cPol\u00edtica para futuros cidad\u00e3os\u201d apresenta a entrevista ao candidato \u00e0 presid\u00eancia da C\u00e2mara da Covilh\u00e3, pelo Partido Socialista, H\u00e9lio Fazendeiro, nas pr\u00f3ximas elei\u00e7\u00f5es de 12 de outubro, realizada no \u00e2mbito da iniciativa \u201cCaf\u00e9 Aut\u00e1rquico\u201d.<\/p>\n<div style=\"width: 400px;\" class=\"wp-video\"><video class=\"wp-video-shortcode\" id=\"video-2809-1\" width=\"400\" height=\"1000\" preload=\"metadata\" controls=\"controls\"><source type=\"video\/mp4\" src=\"https:\/\/www.quintadaspalmeiras.pt\/portal1\/wp-content\/uploads\/2025\/10\/20251007_185222_Bk.mp4?_=1\" \/><a href=\"https:\/\/www.quintadaspalmeiras.pt\/portal1\/wp-content\/uploads\/2025\/10\/20251007_185222_Bk.mp4\">https:\/\/www.quintadaspalmeiras.pt\/portal1\/wp-content\/uploads\/2025\/10\/20251007_185222_Bk.mp4<\/a><\/video><\/div>\n","protected":false},"excerpt":{"rendered":"<p>O projeto \u201cPol\u00edtica para futuros cidad\u00e3os\u201d apresenta a entrevista ao candidato \u00e0 presid\u00eancia da C\u00e2mara da Covilh\u00e3, pelo Partido Socialista, H\u00e9lio Fazendeiro, nas pr\u00f3ximas elei\u00e7\u00f5es de 12 de outubro, realizada no \u00e2mbito da iniciativa \u201cCaf\u00e9 Aut\u00e1rquico\u201d.<\/p>\n","protected":false},"author":2,"featured_media":2789,"comment_status":"closed","ping_status":"closed","sticky":false,"template":"","format":"standard","meta":{"_angie_page":false,"_crdt_document":"","page_builder":"","footnotes":""},"categories":[1],"tags":[],"class_list":["post-2809","post","type-post","status-publish","format-standard","has-post-thumbnail","hentry","category-sem-categoria"],"_links":{"self":[{"href":"https:\/\/www.quintadaspalmeiras.pt\/portal1\/wp-json\/wp\/v2\/posts\/2809","targetHints":{"allow":["GET"]}}],"collection":[{"href":"https:\/\/www.quintadaspalmeiras.pt\/portal1\/wp-json\/wp\/v2\/posts"}],"about":[{"href":"https:\/\/www.quintadaspalmeiras.pt\/portal1\/wp-json\/wp\/v2\/types\/post"}],"author":[{"embeddable":true,"href":"https:\/\/www.quintadaspalmeiras.pt\/portal1\/wp-json\/wp\/v2\/users\/2"}],"replies":[{"embeddable":true,"href":"https:\/\/www.quintadaspalmeiras.pt\/portal1\/wp-json\/wp\/v2\/comments?post=2809"}],"version-history":[{"count":1,"href":"https:\/\/www.quintadaspalmeiras.pt\/portal1\/wp-json\/wp\/v2\/posts\/2809\/revisions"}],"predecessor-version":[{"id":2811,"href":"https:\/\/www.quintadaspalmeiras.pt\/portal1\/wp-json\/wp\/v2\/posts\/2809\/revisions\/2811"}],"wp:featuredmedia":[{"embeddable":true,"href":"https:\/\/www.quintadaspalmeiras.pt\/portal1\/wp-json\/wp\/v2\/media\/2789"}],"wp:attachment":[{"href":"https:\/\/www.quintadaspalmeiras.pt\/portal1\/wp-json\/wp\/v2\/media?parent=2809"}],"wp:term":[{"taxonomy":"category","embeddable":true,"href":"https:\/\/www.quintadaspalmeiras.pt\/portal1\/wp-json\/wp\/v2\/categories?post=2809"},{"taxonomy":"post_tag","embeddable":true,"href":"https:\/\/www.quintadaspalmeiras.pt\/portal1\/wp-json\/wp\/v2\/tags?post=2809"}],"curies":[{"name":"wp","href":"https:\/\/api.w.org\/{rel}","templated":true}]}}