{"id":2794,"date":"2025-10-07T11:35:14","date_gmt":"2025-10-07T11:35:14","guid":{"rendered":"https:\/\/www.quintadaspalmeiras.pt\/portal1\/?p=2794"},"modified":"2025-10-10T10:21:05","modified_gmt":"2025-10-10T10:21:05","slug":"atividades-no-ambito-da-parceira-entre-a-esqp-e-a-ongd-sopro","status":"publish","type":"post","link":"https:\/\/www.quintadaspalmeiras.pt\/portal1\/2025\/10\/07\/atividades-no-ambito-da-parceira-entre-a-esqp-e-a-ongd-sopro\/","title":{"rendered":"Atividades no \u00e2mbito da parceria entre a ESQP e a ONGD &#8211; SOPRO"},"content":{"rendered":"<div>No pr\u00f3ximo dia 9 de outubro, a nossa escola recebe a visita da dire\u00e7\u00e3o da SOPRO que ir\u00e1 realizar uma palestra\/debate a apresentar a institui\u00e7\u00e3o e os seus projectos junto dos alunos dos diferentes anos, designadamente ao n\u00edvel das iniciativas que esta estabelece com Mo\u00e7ambique e inaugurar uma exposi\u00e7\u00e3o fotogr\u00e1fica na Biblioteca.<\/div>\n<div>Esta iniciativa marca o lan\u00e7amento de uma parceria entre a Escola Quinta das Palmeiras e a SOPRO, que resultar\u00e1 no imediato em duas campanhas, uma de angaria\u00e7\u00e3o de bolsas de apadrinhamento de alunos que frequentam a Escola Jo\u00e3o XXIII na Beira, Mo\u00e7ambique e outra de recolha de livros para equipar as bibliotecas escolares em tr\u00eas escolas da regi\u00e3o.<\/div>\n<div>\n<p>A SOPRO \u00e9 reconhecida como uma Organiza\u00e7\u00e3o N\u00e3o Governamental para o Desenvolvimento (ONGD) com o Estatuto de Entidade de Utilidade P\u00fablica, Sem Fins Lucrativos, pelo Instituto Cam\u00f5es IP que est\u00e1 sob a jurisdi\u00e7\u00e3o do Minist\u00e9rio dos Neg\u00f3cios Estrangeiros. Tem uma experi\u00eancia de mais de 20 anos em miss\u00f5es de voluntariado e colabora\u00e7\u00e3o na \u00e1rea da educa\u00e7\u00e3o com escolas em Mo\u00e7ambique.<\/p>\n<\/div>\n<div><\/div>\n<div style=\"text-align: center;\">\n<div id='gallery-1' class='gallery galleryid-2794 gallery-columns-1 gallery-size-full'><figure class='gallery-item'>\n\t\t\t<div class='gallery-icon portrait'>\n\t\t\t\t<img decoding=\"async\" width=\"1080\" height=\"1350\" data-src=\"https:\/\/www.quintadaspalmeiras.pt\/portal1\/wp-content\/uploads\/2025\/10\/ExposicaoFotograficaWEB.jpg\" class=\"attachment-full size-full lazyload\" alt=\"\" data-srcset=\"https:\/\/www.quintadaspalmeiras.pt\/portal1\/wp-content\/uploads\/2025\/10\/ExposicaoFotograficaWEB.jpg 1080w, https:\/\/www.quintadaspalmeiras.pt\/portal1\/wp-content\/uploads\/2025\/10\/ExposicaoFotograficaWEB-240x300.jpg 240w, https:\/\/www.quintadaspalmeiras.pt\/portal1\/wp-content\/uploads\/2025\/10\/ExposicaoFotograficaWEB-819x1024.jpg 819w, https:\/\/www.quintadaspalmeiras.pt\/portal1\/wp-content\/uploads\/2025\/10\/ExposicaoFotograficaWEB-768x960.jpg 768w\" data-sizes=\"(max-width: 709px) 85vw, (max-width: 909px) 67vw, (max-width: 1362px) 62vw, 840px\" src=\"data:image\/svg+xml;base64,PHN2ZyB3aWR0aD0iMSIgaGVpZ2h0PSIxIiB4bWxucz0iaHR0cDovL3d3dy53My5vcmcvMjAwMC9zdmciPjwvc3ZnPg==\" style=\"--smush-placeholder-width: 1080px; --smush-placeholder-aspect-ratio: 1080\/1350;\" \/>\n\t\t\t<\/div><\/figure><figure class='gallery-item'>\n\t\t\t<div class='gallery-icon portrait'>\n\t\t\t\t<img decoding=\"async\" width=\"1080\" height=\"1350\" data-src=\"https:\/\/www.quintadaspalmeiras.pt\/portal1\/wp-content\/uploads\/2025\/10\/Palestra9OutWEB.jpg\" class=\"attachment-full size-full lazyload\" alt=\"\" data-srcset=\"https:\/\/www.quintadaspalmeiras.pt\/portal1\/wp-content\/uploads\/2025\/10\/Palestra9OutWEB.jpg 1080w, https:\/\/www.quintadaspalmeiras.pt\/portal1\/wp-content\/uploads\/2025\/10\/Palestra9OutWEB-240x300.jpg 240w, https:\/\/www.quintadaspalmeiras.pt\/portal1\/wp-content\/uploads\/2025\/10\/Palestra9OutWEB-819x1024.jpg 819w, https:\/\/www.quintadaspalmeiras.pt\/portal1\/wp-content\/uploads\/2025\/10\/Palestra9OutWEB-768x960.jpg 768w\" data-sizes=\"(max-width: 709px) 85vw, (max-width: 909px) 67vw, (max-width: 1362px) 62vw, 840px\" src=\"data:image\/svg+xml;base64,PHN2ZyB3aWR0aD0iMSIgaGVpZ2h0PSIxIiB4bWxucz0iaHR0cDovL3d3dy53My5vcmcvMjAwMC9zdmciPjwvc3ZnPg==\" style=\"--smush-placeholder-width: 1080px; --smush-placeholder-aspect-ratio: 1080\/1350;\" \/>\n\t\t\t<\/div><\/figure>\n\t\t<\/div>\n\n<\/div>\n<div><\/div>\n","protected":false},"excerpt":{"rendered":"<p>No pr\u00f3ximo dia 9 de outubro, a nossa escola recebe a visita da dire\u00e7\u00e3o da SOPRO que ir\u00e1 realizar uma palestra\/debate a apresentar a institui\u00e7\u00e3o e os seus projectos junto dos alunos dos diferentes anos, designadamente ao n\u00edvel das iniciativas que esta estabelece com Mo\u00e7ambique e inaugurar uma exposi\u00e7\u00e3o fotogr\u00e1fica na Biblioteca. Esta iniciativa marca &hellip; <a href=\"https:\/\/www.quintadaspalmeiras.pt\/portal1\/2025\/10\/07\/atividades-no-ambito-da-parceira-entre-a-esqp-e-a-ongd-sopro\/\" class=\"more-link\">Continue reading<span class=\"screen-reader-text\"> &#8220;Atividades no \u00e2mbito da parceria entre a ESQP e a ONGD &#8211; SOPRO&#8221;<\/span><\/a><\/p>\n","protected":false},"author":2,"featured_media":2795,"comment_status":"closed","ping_status":"closed","sticky":false,"template":"","format":"standard","meta":{"_angie_page":false,"_crdt_document":"","page_builder":"","footnotes":""},"categories":[1],"tags":[],"class_list":["post-2794","post","type-post","status-publish","format-standard","has-post-thumbnail","hentry","category-sem-categoria"],"_links":{"self":[{"href":"https:\/\/www.quintadaspalmeiras.pt\/portal1\/wp-json\/wp\/v2\/posts\/2794","targetHints":{"allow":["GET"]}}],"collection":[{"href":"https:\/\/www.quintadaspalmeiras.pt\/portal1\/wp-json\/wp\/v2\/posts"}],"about":[{"href":"https:\/\/www.quintadaspalmeiras.pt\/portal1\/wp-json\/wp\/v2\/types\/post"}],"author":[{"embeddable":true,"href":"https:\/\/www.quintadaspalmeiras.pt\/portal1\/wp-json\/wp\/v2\/users\/2"}],"replies":[{"embeddable":true,"href":"https:\/\/www.quintadaspalmeiras.pt\/portal1\/wp-json\/wp\/v2\/comments?post=2794"}],"version-history":[{"count":3,"href":"https:\/\/www.quintadaspalmeiras.pt\/portal1\/wp-json\/wp\/v2\/posts\/2794\/revisions"}],"predecessor-version":[{"id":2803,"href":"https:\/\/www.quintadaspalmeiras.pt\/portal1\/wp-json\/wp\/v2\/posts\/2794\/revisions\/2803"}],"wp:featuredmedia":[{"embeddable":true,"href":"https:\/\/www.quintadaspalmeiras.pt\/portal1\/wp-json\/wp\/v2\/media\/2795"}],"wp:attachment":[{"href":"https:\/\/www.quintadaspalmeiras.pt\/portal1\/wp-json\/wp\/v2\/media?parent=2794"}],"wp:term":[{"taxonomy":"category","embeddable":true,"href":"https:\/\/www.quintadaspalmeiras.pt\/portal1\/wp-json\/wp\/v2\/categories?post=2794"},{"taxonomy":"post_tag","embeddable":true,"href":"https:\/\/www.quintadaspalmeiras.pt\/portal1\/wp-json\/wp\/v2\/tags?post=2794"}],"curies":[{"name":"wp","href":"https:\/\/api.w.org\/{rel}","templated":true}]}}